{"id":23563,"date":"2017-06-05T07:40:16","date_gmt":"2017-06-05T10:40:16","guid":{"rendered":"http:\/\/www.sincomam.org.br\/?p=23563"},"modified":"2017-06-05T07:40:16","modified_gmt":"2017-06-05T10:40:16","slug":"situacao-politica-do-brasil-nao-afeta-metas-da-petrobras","status":"publish","type":"post","link":"https:\/\/www.sincomam.org.br\/index.php\/situacao-politica-do-brasil-nao-afeta-metas-da-petrobras\/","title":{"rendered":"Situa\u00e7\u00e3o pol\u00edtica do Brasil n\u00e3o afeta metas da Petrobras"},"content":{"rendered":"<p>A situa\u00e7\u00e3o pol\u00edtica no Brasil n\u00e3o afeta as metas da Petrobras para a venda de ativos e desalavancagem, afirmou nesta quinta-feira o presidente da petroleira, Pedro Parente, em um encontro com jornalistas da imprensa internacional.<\/p>\n<p>O executivo reiterou ainda seu interesse em ficar no cargo at\u00e9 o fim do seu mandato caso haja condi\u00e7\u00f5es para implementar o programa estabelecido por sua gest\u00e3o.<\/p>\n<p>Fonte: Reuters<\/p>\n","protected":false},"excerpt":{"rendered":"<p>A situa\u00e7\u00e3o pol\u00edtica no Brasil n\u00e3o afeta as metas da Petrobras para a venda de ativos e desalavancagem, afirmou nesta quinta-feira o presidente da petroleira,&#8230;<\/p>\n","protected":false},"author":1182,"featured_media":20996,"comment_status":"closed","ping_status":"closed","sticky":false,"template":"","format":"standard","meta":{"footnotes":""},"categories":[6],"tags":[],"class_list":["post-23563","post","type-post","status-publish","format-standard","has-post-thumbnail","hentry","category-noticias"],"_links":{"self":[{"href":"https:\/\/www.sincomam.org.br\/index.php\/wp-json\/wp\/v2\/posts\/23563","targetHints":{"allow":["GET"]}}],"collection":[{"href":"https:\/\/www.sincomam.org.br\/index.php\/wp-json\/wp\/v2\/posts"}],"about":[{"href":"https:\/\/www.sincomam.org.br\/index.php\/wp-json\/wp\/v2\/types\/post"}],"author":[{"embeddable":true,"href":"https:\/\/www.sincomam.org.br\/index.php\/wp-json\/wp\/v2\/users\/1182"}],"replies":[{"embeddable":true,"href":"https:\/\/www.sincomam.org.br\/index.php\/wp-json\/wp\/v2\/comments?post=23563"}],"version-history":[{"count":1,"href":"https:\/\/www.sincomam.org.br\/index.php\/wp-json\/wp\/v2\/posts\/23563\/revisions"}],"predecessor-version":[{"id":23564,"href":"https:\/\/www.sincomam.org.br\/index.php\/wp-json\/wp\/v2\/posts\/23563\/revisions\/23564"}],"wp:featuredmedia":[{"embeddable":true,"href":"https:\/\/www.sincomam.org.br\/index.php\/wp-json\/wp\/v2\/media\/20996"}],"wp:attachment":[{"href":"https:\/\/www.sincomam.org.br\/index.php\/wp-json\/wp\/v2\/media?parent=23563"}],"wp:term":[{"taxonomy":"category","embeddable":true,"href":"https:\/\/www.sincomam.org.br\/index.php\/wp-json\/wp\/v2\/categories?post=23563"},{"taxonomy":"post_tag","embeddable":true,"href":"https:\/\/www.sincomam.org.br\/index.php\/wp-json\/wp\/v2\/tags?post=23563"}],"curies":[{"name":"wp","href":"https:\/\/api.w.org\/{rel}","templated":true}]}}