{"id":23559,"date":"2017-06-05T07:38:01","date_gmt":"2017-06-05T10:38:01","guid":{"rendered":"http:\/\/www.sincomam.org.br\/?p=23559"},"modified":"2017-06-05T07:38:01","modified_gmt":"2017-06-05T10:38:01","slug":"abimaq-reduz-projecao-de-crescimento-do-setor","status":"publish","type":"post","link":"https:\/\/www.sincomam.org.br\/index.php\/abimaq-reduz-projecao-de-crescimento-do-setor\/","title":{"rendered":"Abimaq reduz proje\u00e7\u00e3o de crescimento do setor"},"content":{"rendered":"<p>A Associa\u00e7\u00e3o Brasileira de M\u00e1quinas e Equipamentos (Abimaq), que representa a ind\u00fastria de m\u00e1quinas e equipamentos do Pa\u00eds, reduziu sua proje\u00e7\u00e3o de crescimento para 2017, que era de 5%, para uma estimativa de estabilidade com vi\u00e9s de baixa.<\/p>\n<p>Segundo Mario Bernardini, diretor de competitividade da entidade, a piora do cen\u00e1rio \u00e9 resultado do faturamento baixo registrado no ano at\u00e9 abril, que, em sua opini\u00e3o, deriva do patamar de juros ainda alto, apesar da queda da infla\u00e7\u00e3o e do d\u00f3lar 10% mais baixo em rela\u00e7\u00e3o a 2016. &#8220;O problema est\u00e1 ligado a uma dose excessiva de pol\u00edtica monet\u00e1ria e de prote\u00e7\u00e3o do real. A infla\u00e7\u00e3o cedeu em muito, mas tudo \u00e9 motivo para n\u00e3o acelerar corte da Selic&#8221;, argumentou Bernardini.<\/p>\n<p>Conforme o balan\u00e7o da entidade, a m\u00e9dia do faturamento deste ano (R$ 5 bilh\u00f5es) \u00e9 cerca de metade da receita m\u00e9dia obtida no per\u00edodo pr\u00e9-crise (2010-2013), que era de R$ 10 bilh\u00f5es. Em abril, o faturamento do setor somou<\/p>\n<p>R$ 4,892 bilh\u00f5es, recuando 20,6% ante mar\u00e7o e 10,5% em rela\u00e7\u00e3o ao mesmo m\u00eas de 2016.<\/p>\n<p>Bernardini comentou a declara\u00e7\u00e3o desta quarta do ministro do Planejamento, Dyogo Oliveira, que disse que o resultado do Produto Interno Bruto (PIB) do primeiro trimestre, para o qual se estima crescimento, vai marcar o fim da recess\u00e3o. &#8220;A expectativa de avan\u00e7o de cerca de 1% do PIB \u00e9 um falso positivo. \u00c9 um n\u00famero fora da curva. Estamos longe do fim da crise. O faturamento da Abimaq neste ano est\u00e1 abaixo da receita do ano passado em plena crise. Retomada do crescimento \u00e9 um desejo, mas n\u00e3o uma realidade&#8221;, disse.<\/p>\n<p>O vi\u00e9s de baixa na proje\u00e7\u00e3o de estabilidade para o setor no ano tem rela\u00e7\u00e3o com as instabilidades pol\u00edticas, j\u00e1 que a redu\u00e7\u00e3o na proje\u00e7\u00e3o ainda n\u00e3o captou os efeitos da nova crise que o Pa\u00eds enfrenta, segundo Jos\u00e9 Velloso, presidente executivo da Abimaq.<\/p>\n<p>Fonte: JCRS<\/p>\n","protected":false},"excerpt":{"rendered":"<p>A Associa\u00e7\u00e3o Brasileira de M\u00e1quinas e Equipamentos (Abimaq), que representa a ind\u00fastria de m\u00e1quinas e equipamentos do Pa\u00eds, reduziu sua proje\u00e7\u00e3o de crescimento para 2017,&#8230;<\/p>\n","protected":false},"author":1182,"featured_media":18439,"comment_status":"closed","ping_status":"closed","sticky":false,"template":"","format":"standard","meta":{"footnotes":""},"categories":[6],"tags":[],"class_list":["post-23559","post","type-post","status-publish","format-standard","has-post-thumbnail","hentry","category-noticias"],"_links":{"self":[{"href":"https:\/\/www.sincomam.org.br\/index.php\/wp-json\/wp\/v2\/posts\/23559","targetHints":{"allow":["GET"]}}],"collection":[{"href":"https:\/\/www.sincomam.org.br\/index.php\/wp-json\/wp\/v2\/posts"}],"about":[{"href":"https:\/\/www.sincomam.org.br\/index.php\/wp-json\/wp\/v2\/types\/post"}],"author":[{"embeddable":true,"href":"https:\/\/www.sincomam.org.br\/index.php\/wp-json\/wp\/v2\/users\/1182"}],"replies":[{"embeddable":true,"href":"https:\/\/www.sincomam.org.br\/index.php\/wp-json\/wp\/v2\/comments?post=23559"}],"version-history":[{"count":1,"href":"https:\/\/www.sincomam.org.br\/index.php\/wp-json\/wp\/v2\/posts\/23559\/revisions"}],"predecessor-version":[{"id":23560,"href":"https:\/\/www.sincomam.org.br\/index.php\/wp-json\/wp\/v2\/posts\/23559\/revisions\/23560"}],"wp:featuredmedia":[{"embeddable":true,"href":"https:\/\/www.sincomam.org.br\/index.php\/wp-json\/wp\/v2\/media\/18439"}],"wp:attachment":[{"href":"https:\/\/www.sincomam.org.br\/index.php\/wp-json\/wp\/v2\/media?parent=23559"}],"wp:term":[{"taxonomy":"category","embeddable":true,"href":"https:\/\/www.sincomam.org.br\/index.php\/wp-json\/wp\/v2\/categories?post=23559"},{"taxonomy":"post_tag","embeddable":true,"href":"https:\/\/www.sincomam.org.br\/index.php\/wp-json\/wp\/v2\/tags?post=23559"}],"curies":[{"name":"wp","href":"https:\/\/api.w.org\/{rel}","templated":true}]}}