{"id":23545,"date":"2017-06-02T05:00:31","date_gmt":"2017-06-02T08:00:31","guid":{"rendered":"http:\/\/sincomam.org.br\/?p=23545"},"modified":"2017-06-01T18:07:48","modified_gmt":"2017-06-01T21:07:48","slug":"temer-ja-articula-com-centrao-para-barrar-eventual-denuncia-da-pgr","status":"publish","type":"post","link":"https:\/\/www.sincomam.org.br\/index.php\/temer-ja-articula-com-centrao-para-barrar-eventual-denuncia-da-pgr\/","title":{"rendered":"Temer j\u00e1 articula com centr\u00e3o para barrar eventual den\u00fancia da PGR"},"content":{"rendered":"<p>Diante dos sinais do PSDB de que pode desembarcar do governo p\u00f3s-TSE, Michel Temer j\u00e1 articula com parlamentares do centr\u00e3o para barrar uma eventual den\u00fancia da Procuradoria-Geral da Rep\u00fablica contra ele na C\u00e2mara dos Deputados.<\/p>\n<p>Pela Constitui\u00e7\u00e3o, cabe aos deputados autorizarem a den\u00fancia. Os pr\u00f3prios t\u00e9cnicos da Casa, segundo o <strong>blog<\/strong> apurou, j\u00e1 foram consultados sobre o eventual cen\u00e1rio.\u00a0<\/p>\n<p>O artigo 86 da Constitui\u00e7\u00e3o diz que, admitida a acusa\u00e7\u00e3o contra o Presidente da Rep\u00fablica, por dois ter\u00e7os da C\u00e2mara dos Deputados, ser\u00e1 ele submetido a julgamento perante o Supremo Tribunal Federal, nas infra\u00e7\u00f5es penais comuns, ou perante o Senado Federal, nos crimes de responsabilidade.<\/p>\n<p>Temer e seus principais auxiliares t\u00eam procurado parlamentares desde a semana passada para discutir os desdobramentos da crise pol\u00edtica.<\/p>\n<p>Como o <strong>blog<\/strong> adiantou, o presidente teme que o Minist\u00e9rio P\u00fablico ofere\u00e7a den\u00fancia contra ele antes do julgamento no TSE, o que contaminaria, para governistas, o ambiente na corte eleitoral.<\/p>\n<p>Como o Planalto desconfia do PSDB, auxiliares de Temer t\u00eam procurado deputados do PP, PRB, PTB e outros do bloco que ficou conhecido como &#8220;centr\u00e3o&#8221; para pedir apoio. Argumentam, nas conversas, que Temer &#8220;cumpriu&#8221; o que prometeu quando assumiu- em rela\u00e7\u00e3o a cargos e emendas- e cobram fidelidade ao peemedebista na mais grave crise da sua gest\u00e3o.\u00a0<\/p>\n<p>Nesta quinta-feira, o presidente recebeu deputados do PTB, como Jovair Arantes, que foi o relator do processo de impeachment contra Dilma Rousseff na C\u00e2mara.<\/p>\n<p>Aliados de Temer reconhecem que, diferentemente de aceitar um pedido de impeachment &#8211; que afirmam ser um movimento pol\u00edtico- o eventual pedido de Janot \u00e9 uma quest\u00e3o jur\u00eddica, o que aumenta a press\u00e3o em rela\u00e7\u00e3o \u00e0 sua aceita\u00e7\u00e3o pelos parlamentares.<\/p>\n","protected":false},"excerpt":{"rendered":"<p>Diante dos sinais do PSDB de que pode desembarcar do governo p\u00f3s-TSE, Michel Temer j\u00e1 articula com parlamentares do centr\u00e3o para barrar uma eventual den\u00fancia&#8230;<\/p>\n","protected":false},"author":1182,"featured_media":19480,"comment_status":"closed","ping_status":"closed","sticky":false,"template":"","format":"standard","meta":{"footnotes":""},"categories":[6],"tags":[],"class_list":["post-23545","post","type-post","status-publish","format-standard","has-post-thumbnail","hentry","category-noticias"],"_links":{"self":[{"href":"https:\/\/www.sincomam.org.br\/index.php\/wp-json\/wp\/v2\/posts\/23545","targetHints":{"allow":["GET"]}}],"collection":[{"href":"https:\/\/www.sincomam.org.br\/index.php\/wp-json\/wp\/v2\/posts"}],"about":[{"href":"https:\/\/www.sincomam.org.br\/index.php\/wp-json\/wp\/v2\/types\/post"}],"author":[{"embeddable":true,"href":"https:\/\/www.sincomam.org.br\/index.php\/wp-json\/wp\/v2\/users\/1182"}],"replies":[{"embeddable":true,"href":"https:\/\/www.sincomam.org.br\/index.php\/wp-json\/wp\/v2\/comments?post=23545"}],"version-history":[{"count":1,"href":"https:\/\/www.sincomam.org.br\/index.php\/wp-json\/wp\/v2\/posts\/23545\/revisions"}],"predecessor-version":[{"id":23546,"href":"https:\/\/www.sincomam.org.br\/index.php\/wp-json\/wp\/v2\/posts\/23545\/revisions\/23546"}],"wp:featuredmedia":[{"embeddable":true,"href":"https:\/\/www.sincomam.org.br\/index.php\/wp-json\/wp\/v2\/media\/19480"}],"wp:attachment":[{"href":"https:\/\/www.sincomam.org.br\/index.php\/wp-json\/wp\/v2\/media?parent=23545"}],"wp:term":[{"taxonomy":"category","embeddable":true,"href":"https:\/\/www.sincomam.org.br\/index.php\/wp-json\/wp\/v2\/categories?post=23545"},{"taxonomy":"post_tag","embeddable":true,"href":"https:\/\/www.sincomam.org.br\/index.php\/wp-json\/wp\/v2\/tags?post=23545"}],"curies":[{"name":"wp","href":"https:\/\/api.w.org\/{rel}","templated":true}]}}