{"id":23541,"date":"2017-06-02T00:02:05","date_gmt":"2017-06-02T03:02:05","guid":{"rendered":"http:\/\/sincomam.org.br\/?p=23541"},"modified":"2017-06-01T18:04:27","modified_gmt":"2017-06-01T21:04:27","slug":"trump-anuncia-saida-dos-eua-do-acordo-de-paris-sobre-mudancas-climaticas","status":"publish","type":"post","link":"https:\/\/www.sincomam.org.br\/index.php\/trump-anuncia-saida-dos-eua-do-acordo-de-paris-sobre-mudancas-climaticas\/","title":{"rendered":"Trump anuncia sa\u00edda dos EUA do Acordo de Paris sobre mudan\u00e7as clim\u00e1ticas"},"content":{"rendered":"<div class=\"mc-column content-text active-extra-styles active-capital-letter\" data-block-type=\"unstyled\" data-block-weight=\"69\">\n<p class=\"content-text__container theme-color-primary-first-letter\" data-track-category=\"Link no Texto\" data-track-links=\"\">O presidente dos Estados Unidos, Donald Trump, anunciou a sa\u00edda de seu pa\u00eds do Acordo de Paris sobre mudan\u00e7as clim\u00e1ticas, mas prometeu negociar um retorno ou um novo acordo clim\u00e1tico em termos que considere mais justos para os americanos. Ele disse que o atual documento traz desvantagens para os EUA para beneficiar outros pa\u00edses, e prometeu interromper a implementa\u00e7\u00e3o de tudo que for legalmente poss\u00edvel imediatamente.<\/p>\n<\/div>\n<div class=\"mc-column content-text active-extra-styles \" data-block-type=\"unstyled\" data-block-weight=\"61\">\n<p class=\"content-text__container \" data-track-category=\"Link no Texto\" data-track-links=\"\">&#8220;Para cumprir o meu dever solene de proteger os Estados Unidos e os seus cidad\u00e3os, os Estados Unidos v\u00e3o retirar-se do acordo clim\u00e1tico de Paris, mas iniciam as negocia\u00e7\u00f5es para voltar a entrar no acordo de Paris ou em uma transa\u00e7\u00e3o inteiramente nova em termos justos para os Estados Unidos, suas empresas, seus trabalhadores, suas pessoas, seus contribuintes &#8220;, disse Trump.<\/p>\n<\/div>\n<div class=\"mc-column content-text active-extra-styles \" data-block-type=\"unstyled\" data-block-weight=\"24\">\n<p class=\"content-text__container \" data-track-category=\"Link no Texto\" data-track-links=\"\">&#8220;Estamos saindo&#8221;, acrescentou, &#8220;mas vamos come\u00e7ar a negociar e veremos se podemos fazer um acordo justo. Se pudermos, \u00f3timo. Se n\u00e3o pudermos, tudo bem.&#8221;<\/p>\n<\/div>\n<div class=\"mc-column content-text active-extra-styles \" data-block-type=\"unstyled\" data-block-weight=\"11\">\n<p class=\"content-text__container \" data-track-category=\"Link no Texto\" data-track-links=\"\">&#8220;Fui eleito para representar os cidad\u00e3os de Pittsburgh, n\u00e3o Paris&#8221;, completou.<\/p>\n<\/div>\n<div class=\"mc-column content-text active-extra-styles \" data-block-type=\"unstyled\" data-block-weight=\"29\">\n<p class=\"content-text__container \" data-track-category=\"Link no Texto\" data-track-links=\"\">Em seguida, no entando, o prefeito de Pittsburgh, Bill Peduto, disse que ir\u00e1 &#8220;garantir que seguiremos as diretrizes do Acordo de Paris para nosso povo, nossa economia e futuro.<\/p>\n<\/div>\n<div class=\"mc-column content-text active-extra-styles \" data-block-type=\"unstyled\" data-block-weight=\"40\">\n<p class=\"content-text__container \" data-track-category=\"Link no Texto\" data-track-links=\"\">O acordo, assinado em Dezembro 2015 durante a c\u00fapula da ONU sobre mudan\u00e7as clim\u00e1ticas, COP 21, prev\u00ea que os pa\u00edses devem trabalhar para que o aquecimento fique muito abaixo de 2\u00baC, buscando limit\u00e1-lo a 1,5\u00baC em rela\u00e7\u00e3o aos n\u00edveis pr\u00e9-industriais.<\/p>\n<\/div>\n<div class=\"mc-column content-text active-extra-styles \" data-block-type=\"unstyled\" data-block-weight=\"35\">\n<p class=\"content-text__container \" data-track-category=\"Link no Texto\" data-track-links=\"\">A sa\u00edda dos EUA, segundo maior produtor mundial de g\u00e1s de efeito estufa, pode minar o acordo internacional, o primeiro da hist\u00f3ria em que os 195 pa\u00edses da ONU se comprometem a reduzir suas emiss\u00f5es.<\/p>\n<\/div>\n<div class=\"mc-column content-media content-media--normal content-photo\" data-block-type=\"backstage-photo\">\n<div class=\"content-media__container\">\n<div class=\"content-media__image-centered\">\n<div class=\"progressive-img can-open-lightbox\" data-max-size=\"1600x1034\" data-min-size-url=\"http:\/\/s2.glbimg.com\/-U6Df8fnt_vc94Cqca42S3kEbho=\/0x0:2200x1422\/1008x0\/smart\/filters:strip_icc()\/i.s3.glbimg.com\/v1\/AUTH_59edd422c0c84a879bd37670ae4f538a\/internal_photos\/bs\/2017\/w\/J\/AbAxAtTceAsYWcKar88w\/2017-06-01t193858z-1454529562-hp1ed611ikx09-rtrmadp-3-usa-climatechange.jpg\" data-max-size-url=\"http:\/\/s2.glbimg.com\/Rf9scQuIvcQ-2dA491Agz6szBLM=\/0x0:2200x1422\/1600x0\/smart\/filters:strip_icc()\/i.s3.glbimg.com\/v1\/AUTH_59edd422c0c84a879bd37670ae4f538a\/internal_photos\/bs\/2017\/w\/J\/AbAxAtTceAsYWcKar88w\/2017-06-01t193858z-1454529562-hp1ed611ikx09-rtrmadp-3-usa-climatechange.jpg\" data-min-size=\"1008x651\" data-media-index=\"1\">\n<div class=\"placeholder-container\"><strong>Obama<\/strong><\/div>\n<\/div>\n<\/div>\n<\/div>\n<\/div>\n<div class=\"mc-column content-text active-extra-styles \" data-block-type=\"unstyled\" data-block-weight=\"24\">\n<p class=\"content-text__container \" data-track-category=\"Link no Texto\" data-track-links=\"\">O ex-presidente Barack Obama, que havia assinado o tratado em 2015, imediatamente reagiu dizendo que a administra\u00e7\u00e3o Trump rejeita o futuro com essa retirada.<\/p>\n<\/div>\n<div class=\"mc-column content-text active-extra-styles \" data-block-type=\"unstyled\" data-block-weight=\"39\">\n<p class=\"content-text__container \" data-track-category=\"Link no Texto\" data-track-links=\"\">&#8220;Ainda que este governo tenha se unido a um pequeno grupo de pa\u00edses que ignoram o futuro, confio nos nossos estados, empresas e cidades que dar\u00e3o um passo a frente e far\u00e3o ainda mais para liderar o caminho&#8221;, disse.<\/p>\n<\/div>\n<div class=\"mc-column content-text active-extra-styles \" data-block-type=\"unstyled\" data-block-weight=\"43\">\n<p class=\"content-text__container \" data-track-category=\"Link no Texto\" data-track-links=\"\">Ao assinar, Washington tinha se comprometido a reduzir em 28% sua produ\u00e7\u00e3o de gases de efeito estufa, al\u00e9m de transferir cerca de US$ 3 bilh\u00f5es (cerca de R$ 9,6 bilh\u00f5es) para pa\u00edses pobres como forma de ajud\u00e1-los a lutar contra as mudan\u00e7as clim\u00e1ticas.<\/p>\n<\/div>\n<div class=\"mc-column content-text active-extra-styles\" data-block-type=\"raw\" data-block-weight=\"2\">\n<div class=\"content-intertitle\">\n<h2>Medida anunciada<\/h2>\n<\/div>\n<\/div>\n<div class=\"mc-column content-text active-extra-styles \" data-block-type=\"unstyled\" data-block-weight=\"49\">\n<p class=\"content-text__container \" data-track-category=\"Link no Texto\" data-track-links=\"\">Na quarta-feira (31), Trump publicou uma mensagem em sua conta no Twitter na qual dizia que iria anunciar &#8220;a decis\u00e3o sobre o Acordo de Paris nos pr\u00f3ximos dias\u201d, seguido pelo slogan da campanha eleitoral de 2016 \u201cMAKE AMERICA GREAT AGAIN!\u201d [Deixar novamente grande a Am\u00e9rica, na tradu\u00e7\u00e3o em portugu\u00eas].<\/p>\n<\/div>\n<div class=\"mc-column content-text active-extra-styles \" data-block-type=\"unstyled\" data-block-weight=\"39\">\n<p class=\"content-text__container \" data-track-category=\"Link no Texto\" data-track-links=\"\">Antes de ser eleito, Trump descreveu em v\u00e1rias ocasi\u00f5es o aquecimento global como uma engana\u00e7\u00e3o criada pela China para prejudicar as empresas americanas, e anunciou que iria \u201ccancelar\u201d o Acordo de Paris nos primeiros 100 dias ap\u00f3s sua posse.<\/p>\n<\/div>\n<div class=\"mc-column content-text active-extra-styles \" data-block-type=\"unstyled\" data-block-weight=\"48\">\n<p class=\"content-text__container \" data-track-category=\"Link no Texto\" data-track-links=\"\">Uma decis\u00e3o necess\u00e1ria, segundo ele, para favorecer as empresas petrol\u00edferas e produtores de carv\u00e3o dos EUA, e dessa forma garantir mais crescimento econ\u00f4mico e a cria\u00e7\u00e3o de novos empregos. Depois de tomar posse, Trump anunciou que teria estudado o acordo antes de tomar uma decis\u00e3o sobre o assunto.<\/p>\n<\/div>\n<div class=\"mc-column content-text active-extra-styles \" data-block-type=\"unstyled\" data-block-weight=\"75\">\n<p class=\"content-text__container \" data-track-category=\"Link no Texto\" data-track-links=\"\">O presidente norte-americano tem poderes suficientes para retirar os EUA do tratado. Isso porque o texto foi denominado \u201cacordo\u201d para permitir que Barack Obama pudesse utilizar seus poderes presidenciais para ratific\u00e1-lo sem pedir a permiss\u00e3o do Congresso, ent\u00e3o controlado pelo Partido Republicano, hostil a qualquer redu\u00e7\u00e3o das emiss\u00f5es de poluentes. Por esse motivo, a delega\u00e7\u00e3o dos EUA foi obrigada a negociar por muitas horas sobre essa complexa linguagem jur\u00eddica no dia da assinatura do documento.<\/p>\n<\/div>\n<div class=\"mc-column content-text active-extra-styles \" data-block-type=\"unstyled\" data-block-weight=\"7\">\n<p class=\"content-text__container \" data-track-category=\"Link no Texto\" data-track-links=\"\"><strong>VEJA PRINCIPAIS PONTOS DO ACORDO DO CLIMA<\/strong><\/p>\n<\/div>\n<div class=\"mc-column content-text active-extra-styles\" data-block-type=\"raw\" data-block-weight=\"56\">\n<ul class=\"content-unordered-list\">\n<li>Pa\u00edses devem trabalhar para que o aquecimento fique muito abaixo de 2\u00baC, buscando limit\u00e1-lo a 1,5\u00baC<\/li>\n<li>Pa\u00edses ricos devem garantir financiamento de US$ 100 bilh\u00f5es por ano<\/li>\n<li>N\u00e3o h\u00e1 men\u00e7\u00e3o \u00e0 porcentagem de corte de emiss\u00e3o de gases-estufa necess\u00e1ria<\/li>\n<li>Texto n\u00e3o determina quando emiss\u00f5es precisam parar de subir<\/li>\n<li>Acordo deve ser revisto a cada 5 anos<\/li>\n<\/ul>\n<\/div>\n<div class=\"mc-column content-text active-extra-styles \" data-block-type=\"unstyled\" data-block-weight=\"64\">\n<p class=\"content-text__container \" data-track-category=\"Link no Texto\" data-track-links=\"\">A decis\u00e3o de Trump pode ter s\u00e9rias consequ\u00eancias para o cumprimento das obriga\u00e7\u00f5es previstas pelo tratado por parte de outros pa\u00edses e, mais em geral, sobre a condi\u00e7\u00e3o clim\u00e1tica do planeta, considerando que o aquecimento global \u00e9 um fen\u00f4meno que j\u00e1 est\u00e1 ocorrendo e que todos os anos perdidos na luta contra esse fen\u00f4meno aumentam o risco de provocar efeitos irrevers\u00edveis sobre o clima.<\/p>\n<\/div>\n<div class=\"mc-column content-text active-extra-styles \" data-block-type=\"unstyled\" data-block-weight=\"53\">\n<p class=\"content-text__container \" data-track-category=\"Link no Texto\" data-track-links=\"\">Segundo levantamentos realizados por v\u00e1rias universidades e centros de pesquisa de diferentes pa\u00edses do mundo, a sa\u00edda dos EUA do Acordo de Paris acrescentaria 3 bilh\u00f5es de toneladas de di\u00f3xido de carbono (CO2) emitido por ano na atmosfera, aumentando a temperatura da Terra entre 0,1\u00ba e 0,3\u00ba C at\u00e9 o final do s\u00e9culo.<\/p>\n<\/div>\n<div class=\"mc-column content-text active-extra-styles\" data-block-type=\"raw\" data-block-weight=\"2\">\n<div class=\"content-intertitle\">\n<h2>Apoio dividido<\/h2>\n<\/div>\n<\/div>\n<div class=\"mc-column content-text active-extra-styles \" data-block-type=\"unstyled\" data-block-weight=\"128\">\n<p class=\"content-text__container \" data-track-category=\"Link no Texto\" data-track-links=\"\">A decis\u00e3o de Trump foi influenciada por uma carta assinada por 22 senadores republicanos, incluindo o l\u00edder da bancada Mitch McConnell, que defendia a retirada dos EUA do tratado. Trump preferiu ignorar a opini\u00e3o de alguns dos seus assessores mais influentes, como a filha, Ivanka, o Secret\u00e1rio de Defesa, James Mattis, e o Secret\u00e1rio de Estado Rex Tillerson, os quais defendiam que ele mantivesse os Estados Unidos no acordo. Mattis em particular salientou como o Pent\u00e1gono, o Minist\u00e9rio da Defesa dos EUA, j\u00e1 est\u00e1 produzindo uma grande quantidade de pesquisas sobre o aumento do n\u00edvel dos mares, a mudan\u00e7a nas rotas marinhas para os navios de guerra por causa do derretimento das geleiras do \u00c1rtico e os efeitos de secas ou de inunda\u00e7\u00f5es sobre a seguran\u00e7a nacional americana.<\/p>\n<\/div>\n<div class=\"mc-column content-text active-extra-styles\" data-block-type=\"raw\" data-block-weight=\"1\">\n<div class=\"content-intertitle\">\n<h2>ONU<\/h2>\n<\/div>\n<\/div>\n<div class=\"mc-column content-text active-extra-styles \" data-block-type=\"unstyled\" data-block-weight=\"125\">\n<p class=\"content-text__container \" data-track-category=\"Link no Texto\" data-track-links=\"\">O secret\u00e1rio-geral da ONU, Antonio Guterres, pediu oficialmente aos EUA para que n\u00e3o sa\u00edssem do Acordo de Paris, sem obter nenhum resultado. Outros pa\u00edses, como Alemanha e Fran\u00e7a, expressaram suas preocupa\u00e7\u00f5es com a posi\u00e7\u00e3o de Trump sobre o meio ambiente e mudan\u00e7as clim\u00e1ticas. At\u00e9 o Papa Francisco tentou persuadir o presidente norte-americano em permanecer no acordo durante sua recente visita no Vaticano, entregando-lhe uma c\u00f3pia da enc\u00edclica \u201cLaudato si&#8217;\u201d que o Pont\u00edfice escreveu em 2015 sobre as complexas quest\u00f5es das mudan\u00e7as clim\u00e1ticas. Os l\u00edderes do G7 criticaram a decis\u00e3o de Trump de deixar o tratado e os governos do Canad\u00e1, da China e a Uni\u00e3o Europeia j\u00e1 informaram que continuar\u00e3o a honrar seus compromissos com o Acordo de Paris mesmo se os EUA se retirar\u00e3o.<\/p>\n<\/div>\n<div class=\"mc-column content-text active-extra-styles \" data-block-type=\"unstyled\" data-block-weight=\"38\">\n<p class=\"content-text__container \" data-track-category=\"Link no Texto\" data-track-links=\"\">A preocupa\u00e7\u00e3o em n\u00edvel global com a sa\u00edda dos Estados Unidos \u00e9 o efeito de emula\u00e7\u00e3o: outros pa\u00edses poderiam ser influenciados a reduzir ou atenuar seus compromissos internacionais sobre a quest\u00e3o clim\u00e1tica ou at\u00e9 abandonar completamente o acordo.<\/p>\n<\/div>\n<div class=\"mc-column content-text active-extra-styles \" data-block-type=\"unstyled\" data-block-weight=\"75\">\n<p class=\"content-text__container \" data-track-category=\"Link no Texto\" data-track-links=\"\">A decis\u00e3o de se retirar do acordo poderia sinalizar a inten\u00e7\u00e3o de Trump de cortar outras leis que limitam a produ\u00e7\u00e3o de gases poluentes nos EUA assinadas pelo seu antecessor Obama. Entretanto, a sa\u00edda dos EUA do Acordo de Paris n\u00e3o seria imediata. O processo poder\u00e1 demorar at\u00e9 tr\u00eas anos, assim como estabelecido no pr\u00f3prio acordo, com diversas batalhas jur\u00eddicas e diplom\u00e1ticas muito intensas , al\u00e9m do grave desgaste de imagem internacional dos Estados Unidos.<\/p>\n<p>Fonte: G1<\/p>\n<\/div>\n","protected":false},"excerpt":{"rendered":"<p>O presidente dos Estados Unidos, Donald Trump, anunciou a sa\u00edda de seu pa\u00eds do Acordo de Paris sobre mudan\u00e7as clim\u00e1ticas, mas prometeu negociar um retorno&#8230;<\/p>\n","protected":false},"author":1182,"featured_media":21483,"comment_status":"closed","ping_status":"closed","sticky":false,"template":"","format":"standard","meta":{"footnotes":""},"categories":[6],"tags":[],"class_list":["post-23541","post","type-post","status-publish","format-standard","has-post-thumbnail","hentry","category-noticias"],"_links":{"self":[{"href":"https:\/\/www.sincomam.org.br\/index.php\/wp-json\/wp\/v2\/posts\/23541","targetHints":{"allow":["GET"]}}],"collection":[{"href":"https:\/\/www.sincomam.org.br\/index.php\/wp-json\/wp\/v2\/posts"}],"about":[{"href":"https:\/\/www.sincomam.org.br\/index.php\/wp-json\/wp\/v2\/types\/post"}],"author":[{"embeddable":true,"href":"https:\/\/www.sincomam.org.br\/index.php\/wp-json\/wp\/v2\/users\/1182"}],"replies":[{"embeddable":true,"href":"https:\/\/www.sincomam.org.br\/index.php\/wp-json\/wp\/v2\/comments?post=23541"}],"version-history":[{"count":1,"href":"https:\/\/www.sincomam.org.br\/index.php\/wp-json\/wp\/v2\/posts\/23541\/revisions"}],"predecessor-version":[{"id":23542,"href":"https:\/\/www.sincomam.org.br\/index.php\/wp-json\/wp\/v2\/posts\/23541\/revisions\/23542"}],"wp:featuredmedia":[{"embeddable":true,"href":"https:\/\/www.sincomam.org.br\/index.php\/wp-json\/wp\/v2\/media\/21483"}],"wp:attachment":[{"href":"https:\/\/www.sincomam.org.br\/index.php\/wp-json\/wp\/v2\/media?parent=23541"}],"wp:term":[{"taxonomy":"category","embeddable":true,"href":"https:\/\/www.sincomam.org.br\/index.php\/wp-json\/wp\/v2\/categories?post=23541"},{"taxonomy":"post_tag","embeddable":true,"href":"https:\/\/www.sincomam.org.br\/index.php\/wp-json\/wp\/v2\/tags?post=23541"}],"curies":[{"name":"wp","href":"https:\/\/api.w.org\/{rel}","templated":true}]}}