{"id":23535,"date":"2017-06-01T00:07:26","date_gmt":"2017-06-01T03:07:26","guid":{"rendered":"http:\/\/www.sincomam.org.br\/?p=23535"},"modified":"2017-05-30T11:08:27","modified_gmt":"2017-05-30T14:08:27","slug":"comeca-o-servico-de-ordenamento-de-embarcacoes-na-orla-de-santarem","status":"publish","type":"post","link":"https:\/\/www.sincomam.org.br\/index.php\/comeca-o-servico-de-ordenamento-de-embarcacoes-na-orla-de-santarem\/","title":{"rendered":"Come\u00e7a o servi\u00e7o de ordenamento de embarca\u00e7\u00f5es na Orla de Santar\u00e9m"},"content":{"rendered":"<p>A atraca\u00e7\u00e3o de embarca\u00e7\u00f5es \u00e9 um problema antigo em Santar\u00e9m, Oeste do Par\u00e1. E na manh\u00e3 desta segunda-feira (29), muitos donos de embarca\u00e7\u00f5es foram surpreendidos pela fiscaliza\u00e7\u00e3o de ordenamento feita por fiscais da Secretaria Municipal de Mobilidade e Tr\u00e2nsito (SMT) na orla da cidade.<\/p>\n<p>A a\u00e7\u00e3o faz parte de um planejamento feito a partir de uma reuni\u00e3o que aconteceu na semana passada, com representantes da Divis\u00e3o de Opera\u00e7\u00e3o Portu\u00e1ria da SMT e com os operadores das embarca\u00e7\u00f5es para discutir alternativas de mudan\u00e7as de locais para atraca\u00e7\u00e3o dos barcos.<\/p>\n<p>Placas de proibi\u00e7\u00e3o de atraca\u00e7\u00e3o em local irregular est\u00e3o sendo instaladas em todo o trecho da orla, aliadas \u00e0 fiscaliza\u00e7\u00e3o na \u00e1rea. O objetivo \u00e9 evitar danos ao patrim\u00f4nio p\u00fablico como o que ocorreu recentemente com queda da grade de prote\u00e7\u00e3o da orla, ap\u00f3s a atraca\u00e7\u00e3o irregular de uma embarca\u00e7\u00e3o.<\/p>\n<p>Trecho da Orla pr\u00f3ximo ao Mercado Municipal ficou danificado (Foto: Adonias Silva\/G1)<\/p>\n<div class=\"raxo-inside-content\">\n<div class=\"moduletable\">\n<div class=\"bannergroup\">\n<div class=\"banneritem\"><center><\/p>\n<div id=\"beacon_6c33b90abe\"><img decoding=\"async\" src=\"https:\/\/www.portosenavios.com.br\/_adserverpn\/www\/delivery\/lg.php?bannerid=0&#038;campaignid=0&#038;zoneid=88&#038;loc=https%3A%2F%2Fwww.portosenavios.com.br%2Fnoticias%2Fportos-e-logistica%2F38964-comeca-o-servico-de-ordenamento-de-embarcacoes-na-orla-de-santarem&#038;cb=6c33b90abe\" width=\"0\" height=\"0\" alt=\"\" \/><\/div>\n<p><\/center><\/p>\n<div class=\"clr\"><\/div>\n<\/div>\n<\/div>\n<\/div>\n<\/div>\n<p>A atraca\u00e7\u00e3o dos barcos tamb\u00e9m tem causado danos \u00e0 estrutura do trapiche. A madeira est\u00e1 cedendo e oferecendo riscos para quem frequenta o local. Segundo levantamento da Divis\u00e3o Portu\u00e1ria, em regime de rotatividade, uma m\u00e9dia de 13 mil embarca\u00e7\u00f5es aportam no munic\u00edpio de Santar\u00e9m.<\/p>\n<p>Durante as discuss\u00f5es sobre o problema, os operadores das embarca\u00e7\u00f5es de frete sugeriram um novo espa\u00e7o para atraca\u00e7\u00e3o na Avenida Tapaj\u00f3s, pr\u00f3ximo a um hospital particular. Mas eles n\u00e3o s\u00e3o os \u00fanicos a ocupar o espa\u00e7o, e para tentar organizar a atraca\u00e7\u00e3o, a secretaria sugeriu que as lan\u00e7as fossem ancoradas em uma \u00e1rea localizada na Vila Arig\u00f3, no bairro Prainha. J\u00e1 os ferry boats, far\u00e3o embarque e desembarque de passageiros e cargas em um porto perto da Companhia Docas do Par\u00e1. A \u00e1rea j\u00e1 foi solicitada \u00e0 companhia, e depende apenas dos tr\u00e2mites legais para ser utilizada.<\/p>\n<p>Fonte: G1<\/p>\n","protected":false},"excerpt":{"rendered":"<p>A atraca\u00e7\u00e3o de embarca\u00e7\u00f5es \u00e9 um problema antigo em Santar\u00e9m, Oeste do Par\u00e1. E na manh\u00e3 desta segunda-feira (29), muitos donos de embarca\u00e7\u00f5es foram surpreendidos&#8230;<\/p>\n","protected":false},"author":1182,"featured_media":21787,"comment_status":"closed","ping_status":"closed","sticky":false,"template":"","format":"standard","meta":{"footnotes":""},"categories":[6],"tags":[],"class_list":["post-23535","post","type-post","status-publish","format-standard","has-post-thumbnail","hentry","category-noticias"],"_links":{"self":[{"href":"https:\/\/www.sincomam.org.br\/index.php\/wp-json\/wp\/v2\/posts\/23535","targetHints":{"allow":["GET"]}}],"collection":[{"href":"https:\/\/www.sincomam.org.br\/index.php\/wp-json\/wp\/v2\/posts"}],"about":[{"href":"https:\/\/www.sincomam.org.br\/index.php\/wp-json\/wp\/v2\/types\/post"}],"author":[{"embeddable":true,"href":"https:\/\/www.sincomam.org.br\/index.php\/wp-json\/wp\/v2\/users\/1182"}],"replies":[{"embeddable":true,"href":"https:\/\/www.sincomam.org.br\/index.php\/wp-json\/wp\/v2\/comments?post=23535"}],"version-history":[{"count":1,"href":"https:\/\/www.sincomam.org.br\/index.php\/wp-json\/wp\/v2\/posts\/23535\/revisions"}],"predecessor-version":[{"id":23536,"href":"https:\/\/www.sincomam.org.br\/index.php\/wp-json\/wp\/v2\/posts\/23535\/revisions\/23536"}],"wp:featuredmedia":[{"embeddable":true,"href":"https:\/\/www.sincomam.org.br\/index.php\/wp-json\/wp\/v2\/media\/21787"}],"wp:attachment":[{"href":"https:\/\/www.sincomam.org.br\/index.php\/wp-json\/wp\/v2\/media?parent=23535"}],"wp:term":[{"taxonomy":"category","embeddable":true,"href":"https:\/\/www.sincomam.org.br\/index.php\/wp-json\/wp\/v2\/categories?post=23535"},{"taxonomy":"post_tag","embeddable":true,"href":"https:\/\/www.sincomam.org.br\/index.php\/wp-json\/wp\/v2\/tags?post=23535"}],"curies":[{"name":"wp","href":"https:\/\/api.w.org\/{rel}","templated":true}]}}