{"id":23180,"date":"2017-04-19T00:34:23","date_gmt":"2017-04-19T03:34:23","guid":{"rendered":"http:\/\/www.sincomam.org.br\/?p=23180"},"modified":"2017-04-24T09:46:58","modified_gmt":"2017-04-24T12:46:58","slug":"porto-de-maceio-anuncia-requalificacao-em-parceria-com-sindicatos","status":"publish","type":"post","link":"https:\/\/www.sincomam.org.br\/index.php\/porto-de-maceio-anuncia-requalificacao-em-parceria-com-sindicatos\/","title":{"rendered":"Porto de Macei\u00f3 anuncia requalifica\u00e7\u00e3o em parceria com sindicatos"},"content":{"rendered":"<p>O administrador do Porto de Macei\u00f3, Tadeu Lira, anunciou um programa in\u00e9dito de requalifica\u00e7\u00e3o profissional para trabalhadores avulsos da zona portu\u00e1ria alagoana, em reuni\u00e3o com os presidentes de v\u00e1rios sindicatos dos trabalhadores portu\u00e1rios e diretor-executivo do \u00d3rg\u00e3o Gestor da M\u00e3o de Obra do Trabalhador Portu\u00e1rio Avulso do Porto de Macei\u00f3 (OGMO).<\/p>\n<p>Ap\u00f3s apresentar os n\u00fameros do primeiro trimestre de 2017, em que &#8211; em compara\u00e7\u00e3o com o mesmo per\u00edodo do ano passado &#8211; houve crescimento de 8% na movimenta\u00e7\u00e3o de carga (620 mil toneladas), 10% em n\u00famero de trabalhadores contratados (379) e de 15% no volume de recursos pagos na contrata\u00e7\u00e3o desta m\u00e3o-de-obra avulsa, o administrador do Porto apresentou medidas como cursos de qualifica\u00e7\u00e3o para que os trabalhadores avulsos possam ser absorvidos tamb\u00e9m em outras \u00e1reas do Porto e pelas empresas que se instalarem no local.<\/p>\n<p>O plano deve ser implantado em parcerias com as representa\u00e7\u00f5es dos trabalhadores. &#8220;Tudo foi elaborado ap\u00f3s ouvirmos os presidentes destes sindicatos, que t\u00eam colocado os interesses da classe trabalhadora acima dos interesses pessoais&#8221;.<\/p>\n<p><strong>Uni\u00e3o dos Trabalhadores<\/strong><\/p>\n<p>O presidente do Sindicato dos Trabalhadores Portu\u00e1rios, Jabson Levino, destacou que \u00e9 uma a\u00e7\u00e3o vai diminuir o tempo de espera por convoca\u00e7\u00e3o, aumentando o volume de trabalho para cada avulso. &#8220;\u00c9 uma abertura enorme de janela, constru\u00edda por meio de um di\u00e1logo com a administra\u00e7\u00e3o. Algo in\u00e9dito nos \u00faltimos 10 anos aqui no Porto de Macei\u00f3&#8221;, afirmou.<\/p>\n<p>Entre as medidas anunciadas, est\u00e1 a garantia que mesmo com a balan\u00e7a do Porto privatizada, balanceiros e conferentes ser\u00e3o contratados pela Administra\u00e7\u00e3o para o acompanhamento das cargas. &#8220;As medidas s\u00e3o ben\u00e9ficas, agregam os sindicatos \u00e0 gest\u00e3o portu\u00e1ria e d\u00e3o sinal de que a recupera\u00e7\u00e3o na movimenta\u00e7\u00e3o das cargas vista nos \u00faltimos tr\u00eas meses vai chegar de forma s\u00f3lida ao trabalhador&#8221;, declarou o presidente do Sindicato dos Conferentes e Consertadores de Carga do Porto de Macei\u00f3, Marco Ant\u00f4nio Oliveira dos Santos.<\/p>\n<p>&#8220;Sabemos que o momento de quedas na movimenta\u00e7\u00e3o de carga em 2015 e 2016 \u00e9 efeito de uma crise financeira nacional, mas \u00e9 que \u00e9 necess\u00e1rio reagir. \u00c9 primeira vez que o trabalhador portu\u00e1rio \u00e9 ouvido na constru\u00e7\u00e3o de medidas para melhorar as condi\u00e7\u00f5es de trabalho e dos trabalhadores &#8211; m\u00e9rito desta administra\u00e7\u00e3o&#8221;, garantiu Geraldo Matias, presidente do Sindicato dos Arrumadores. J\u00e1 o diretor-executivo do OGMO, Giulliano Leita Costa, analisou que este trabalho compartilhado deve trazer bons frutos em curto espa\u00e7o de tempo.<\/p>\n<p><strong>Administra\u00e7\u00e3o<\/strong><\/p>\n<p>O Administrador tamb\u00e9m explicou que os investimentos em qualifica\u00e7\u00e3o e em contrata\u00e7\u00e3o do trabalhador avulso s\u00f3 \u00e9 poss\u00edvel ap\u00f3s um trabalho de &#8220;equilibrar&#8221; as finan\u00e7as do \u00f3rg\u00e3o. &#8220;Encontramos o Porto com R$ 2 milh\u00f5es em d\u00edvidas com pequenos fornecedores. Hoje, este valor caiu para 90 mil reais &#8211; uma redu\u00e7\u00e3o de 95% no d\u00e9bito. Isso permite que n\u00f3s apoiemos os trabalhadores neste momento, j\u00e1 que s\u00e3o eles uma parte importante para chegarmos \u00e0 excel\u00eancia&#8221;, declarou Lira, que destacou tamb\u00e9m que &#8220;esta \u00e9 uma orienta\u00e7\u00e3o dos ministros do Turismo, Marx Beltr\u00e3o, e dos Transportes, Avia\u00e7\u00e3o e Portos, Maur\u00edcio Quintela, de ter aten\u00e7\u00e3o e cuidado com o\u00a0 social e portas abertas para iniciativa privada&#8221;, observou Lira.<\/p>\n<p>Fonte: Tribuna Hoje<\/p>\n","protected":false},"excerpt":{"rendered":"<p>O administrador do Porto de Macei\u00f3, Tadeu Lira, anunciou um programa in\u00e9dito de requalifica\u00e7\u00e3o profissional para trabalhadores avulsos da zona portu\u00e1ria alagoana, em reuni\u00e3o com&#8230;<\/p>\n","protected":false},"author":1182,"featured_media":18377,"comment_status":"closed","ping_status":"closed","sticky":false,"template":"","format":"standard","meta":{"footnotes":""},"categories":[6],"tags":[],"class_list":["post-23180","post","type-post","status-publish","format-standard","has-post-thumbnail","hentry","category-noticias"],"_links":{"self":[{"href":"https:\/\/www.sincomam.org.br\/index.php\/wp-json\/wp\/v2\/posts\/23180","targetHints":{"allow":["GET"]}}],"collection":[{"href":"https:\/\/www.sincomam.org.br\/index.php\/wp-json\/wp\/v2\/posts"}],"about":[{"href":"https:\/\/www.sincomam.org.br\/index.php\/wp-json\/wp\/v2\/types\/post"}],"author":[{"embeddable":true,"href":"https:\/\/www.sincomam.org.br\/index.php\/wp-json\/wp\/v2\/users\/1182"}],"replies":[{"embeddable":true,"href":"https:\/\/www.sincomam.org.br\/index.php\/wp-json\/wp\/v2\/comments?post=23180"}],"version-history":[{"count":1,"href":"https:\/\/www.sincomam.org.br\/index.php\/wp-json\/wp\/v2\/posts\/23180\/revisions"}],"predecessor-version":[{"id":23181,"href":"https:\/\/www.sincomam.org.br\/index.php\/wp-json\/wp\/v2\/posts\/23180\/revisions\/23181"}],"wp:featuredmedia":[{"embeddable":true,"href":"https:\/\/www.sincomam.org.br\/index.php\/wp-json\/wp\/v2\/media\/18377"}],"wp:attachment":[{"href":"https:\/\/www.sincomam.org.br\/index.php\/wp-json\/wp\/v2\/media?parent=23180"}],"wp:term":[{"taxonomy":"category","embeddable":true,"href":"https:\/\/www.sincomam.org.br\/index.php\/wp-json\/wp\/v2\/categories?post=23180"},{"taxonomy":"post_tag","embeddable":true,"href":"https:\/\/www.sincomam.org.br\/index.php\/wp-json\/wp\/v2\/tags?post=23180"}],"curies":[{"name":"wp","href":"https:\/\/api.w.org\/{rel}","templated":true}]}}