{"id":23166,"date":"2017-04-19T00:22:26","date_gmt":"2017-04-19T03:22:26","guid":{"rendered":"http:\/\/www.sincomam.org.br\/?p=23166"},"modified":"2017-04-15T09:23:40","modified_gmt":"2017-04-15T12:23:40","slug":"vale-aumenta-projecao-para-reservas-de-minerio-de-ferro","status":"publish","type":"post","link":"https:\/\/www.sincomam.org.br\/index.php\/vale-aumenta-projecao-para-reservas-de-minerio-de-ferro\/","title":{"rendered":"Vale aumenta proje\u00e7\u00e3o para reservas de min\u00e9rio de ferro"},"content":{"rendered":"<p>A Vale revisou para cima suas proje\u00e7\u00f5es para as reservas totais de min\u00e9rio de ferro da companhia em 2016, segundo consta do relat\u00f3rio 20-F, enviado pela companhia \u00e0 comiss\u00e3o de valores mobili\u00e1rios dos Estados Unidos (SEC, na sigla em ingl\u00eas).<\/p>\n<p>As reservas totais de min\u00e9rio de ferro da empresa aumentaram em 973 milh\u00f5es de toneladas no fim de 2016 na compara\u00e7\u00e3o com o mesmo per\u00edodo de 2015, totalizando 18,44 bilh\u00f5es de toneladas (um ano antes eram de 17,46 bilh\u00f5es de toneladas).<\/p>\n<p>Segundo a Vale, as varia\u00e7\u00f5es nas reservas de min\u00e9rio de ferro de 2015 para 2016 refletem novas diretrizes estrat\u00e9gicas na an\u00e1lise das cavas (as jazidas onde o min\u00e9rio \u00e9 explorado). Essa an\u00e1lise considera novos pressupostos de pre\u00e7o, custo, projetos e \u201cblending\u201d (mistura), que afetaram todas as jazidas, segundo a mineradora.<\/p>\n<p>\u201cAl\u00e9m disso, tivemos novas jazidas divulgadas pela primeira vez e atualiza\u00e7\u00f5es de modelos de recursos\u201d, disse a Vale em trecho do 20-F. A declara\u00e7\u00e3o de reservas tamb\u00e9m considera a chamada \u201cdeple\u00e7\u00e3o\u201d, o esgotamento progressivo das minas \u00e0 medida que sua explora\u00e7\u00e3o vai chegando \u00e0 maturidade.<\/p>\n<p>Ainda segundo a empresa, em 2016, uma parcela das reservas em todos os sistemas de minera\u00e7\u00e3o da companhia foi reclassificada de reservas \u201cprovadas\u201d para reservas \u201cprov\u00e1veis\u201d, sem impacto na tonelagem total.<\/p>\n<p>Esta reclassifica\u00e7\u00e3o foi resultado de uma revis\u00e3o completa das minas a c\u00e9u aberto, disse a Vale. S\u00e3o consideradas \u201cprovadas\u201d apenas as reservas para as quais todas as licen\u00e7as ambientais foram obtidas, e como \u201cprov\u00e1veis\u201d as reservas que t\u00eam o processo de licenciamento em andamento.<\/p>\n<p>Ainda segundo a Vale, as estimativas de reservas s\u00e3o baseadas em determinadas premissas sobre pre\u00e7os futuros. \u201cDeterminamos que nossas reservas reconhecidas poderiam ser economicamente produzidas se os pre\u00e7os para os produtos fossem iguais \u00e0 m\u00e9dia hist\u00f3rica de pre\u00e7os de tr\u00eas anos at\u00e9 31 de dezembro de 2016.\u201d<\/p>\n<p>A m\u00e9dia hist\u00f3rica de pre\u00e7o do min\u00e9rio de ferro nos \u00faltimos tr\u00eas anos foi de US$ 70,2 por tonelada considerando o min\u00e9rio com 62% de teor de ferro no mercado \u00e0 vista da China.<\/p>\n<p><strong>Novos projetos<\/strong><\/p>\n<p>A Vale afirmou que a conclus\u00e3o esperada de determinados projetos de min\u00e9rio de ferro em 2017, especialmente na Austr\u00e1lia e no Brasil, poder\u00e1 resultar em press\u00f5es negativas nos pre\u00e7os, o que representaria desafios adicionais para os produtores de custo mais alto.<\/p>\n<p>\u201cEsperamos que o crescimento econ\u00f4mico da China desacelere em 2017, principalmente devido ao menor crescimento dos setores imobili\u00e1rio e manufatureiro, o que pode ser parcialmente compensado por investimentos em infraestrutura\u201d, disse a Vale em trecho do 20-F no qual analisou os principais fatores que podem afetar os pre\u00e7os das commodities.<\/p>\n<p>Segundo a Vale, em 2015, um excesso de oferta de min\u00e9rio de ferro teve um impacto negativo nos pre\u00e7os. Em 2016, os pre\u00e7os come\u00e7aram a subir em fevereiro, impulsionados pelas pol\u00edticas e restri\u00e7\u00f5es de oferta impostas pelo governo chin\u00eas, o que fez com que os pre\u00e7os do min\u00e9rio de ferro atingissem o pico de US$ 70 por tonelada no in\u00edcio de maio do ano passado, disse a mineradora.<\/p>\n<p>\u201cComo esperado, as usinas sider\u00fargicas aumentaram sua produtividade em resposta ao aumento da demanda e do pre\u00e7o, o que aumentou o \u00e1gio para min\u00e9rios de alto teor, tais como o min\u00e9rio de ferro de Caraj\u00e1s e pelotas\u201d, afirmou a mineradora no 20-F.<\/p>\n<p>A Vale lembrou que os pre\u00e7os voltaram a subir em outubro de 2016, alcan\u00e7ando US$ 83,95 por tonelada em dezembro, com o \u201cspread\u201d de pre\u00e7o entre o min\u00e9rio de ferro de teor 65% produzido em Caraj\u00e1s e o min\u00e9rio de ferro com teor de 62% chegando a US$ 15 por tonelada.<\/p>\n<p>Fonte: Valor<\/p>\n","protected":false},"excerpt":{"rendered":"<p>A Vale revisou para cima suas proje\u00e7\u00f5es para as reservas totais de min\u00e9rio de ferro da companhia em 2016, segundo consta do relat\u00f3rio 20-F, enviado&#8230;<\/p>\n","protected":false},"author":1182,"featured_media":18013,"comment_status":"closed","ping_status":"closed","sticky":false,"template":"","format":"standard","meta":{"footnotes":""},"categories":[6],"tags":[],"class_list":["post-23166","post","type-post","status-publish","format-standard","has-post-thumbnail","hentry","category-noticias"],"_links":{"self":[{"href":"https:\/\/www.sincomam.org.br\/index.php\/wp-json\/wp\/v2\/posts\/23166","targetHints":{"allow":["GET"]}}],"collection":[{"href":"https:\/\/www.sincomam.org.br\/index.php\/wp-json\/wp\/v2\/posts"}],"about":[{"href":"https:\/\/www.sincomam.org.br\/index.php\/wp-json\/wp\/v2\/types\/post"}],"author":[{"embeddable":true,"href":"https:\/\/www.sincomam.org.br\/index.php\/wp-json\/wp\/v2\/users\/1182"}],"replies":[{"embeddable":true,"href":"https:\/\/www.sincomam.org.br\/index.php\/wp-json\/wp\/v2\/comments?post=23166"}],"version-history":[{"count":1,"href":"https:\/\/www.sincomam.org.br\/index.php\/wp-json\/wp\/v2\/posts\/23166\/revisions"}],"predecessor-version":[{"id":23167,"href":"https:\/\/www.sincomam.org.br\/index.php\/wp-json\/wp\/v2\/posts\/23166\/revisions\/23167"}],"wp:featuredmedia":[{"embeddable":true,"href":"https:\/\/www.sincomam.org.br\/index.php\/wp-json\/wp\/v2\/media\/18013"}],"wp:attachment":[{"href":"https:\/\/www.sincomam.org.br\/index.php\/wp-json\/wp\/v2\/media?parent=23166"}],"wp:term":[{"taxonomy":"category","embeddable":true,"href":"https:\/\/www.sincomam.org.br\/index.php\/wp-json\/wp\/v2\/categories?post=23166"},{"taxonomy":"post_tag","embeddable":true,"href":"https:\/\/www.sincomam.org.br\/index.php\/wp-json\/wp\/v2\/tags?post=23166"}],"curies":[{"name":"wp","href":"https:\/\/api.w.org\/{rel}","templated":true}]}}