{"id":23164,"date":"2017-04-19T00:20:58","date_gmt":"2017-04-19T03:20:58","guid":{"rendered":"http:\/\/www.sincomam.org.br\/?p=23164"},"modified":"2017-04-15T09:22:17","modified_gmt":"2017-04-15T12:22:17","slug":"temer-devolve-comando-da-camex-ao-ministerio-da-industria","status":"publish","type":"post","link":"https:\/\/www.sincomam.org.br\/index.php\/temer-devolve-comando-da-camex-ao-ministerio-da-industria\/","title":{"rendered":"Temer devolve comando da Camex ao Minist\u00e9rio da Ind\u00fastria"},"content":{"rendered":"<p>O comando da C\u00e2mara de Com\u00e9rcio Exterior (Camex) mudou novamente de endere\u00e7o. Um decreto presidencial publicado no Di\u00e1rio Oficial da Uni\u00e3o (DOU) devolve a secretaria-executiva do colegiado ao Minist\u00e9rio da Ind\u00fastria, Com\u00e9rcio Exterior e Servi\u00e7os (Mdic). A secretaria havia sido transferida ao Itamaraty no in\u00edcio do governo Michel Temer, em uma tentativa de anabolizar a pasta comandada pelo ex-chanceler Jos\u00e9 Serra (PSDB-SP).<\/p>\n<p>Desidratado no ano passado, o Mdic recebeu n\u00e3o s\u00f3 a Camex de volta, mas saiu fortalecido com outra decis\u00e3o recente: a absor\u00e7\u00e3o da Secretaria de Aquicultura e Pesca (antes vinculada ao Minist\u00e9rio da Agricultura) e do programa para micro e pequenas empresas Bem Mais Simples (que era da Presid\u00eancia da Rep\u00fablica).<\/p>\n<p>No balan\u00e7o de for\u00e7as do governo, trata-se de um n\u00edtido fortalecimento do ministro Marcos Pereira e do PRB, partido do qual ele \u00e9 presidente licenciado. A legenda tem 24 deputados, \u00e9 uma das mais fieis na base aliada de Temer e pode ser crucial na aprova\u00e7\u00e3o das reformas.<\/p>\n<p>O Valor apurou que sete parlamentares j\u00e1 comunicaram \u00e0 c\u00fapula do PRB que devem votar contra a reforma da Previd\u00eancia. Trata-se, agora, de fazer um esfor\u00e7o concentrado em busca dos outros 17 votos. Isso depende n\u00e3o s\u00f3 de ajustes do texto-base das mudan\u00e7as previdenci\u00e1rias, mas tamb\u00e9m de dar mais prest\u00edgio ao partido na Esplanada dos Minist\u00e9rios.<\/p>\n<p>Antes visto como um estranho no setor, Pereira ganhou bom tr\u00e2nsito no empresariado e \u00e9 bem avaliado no Planalto. Ele j\u00e1 havia sido contemplado com o retorno da Camex ao Mdic, no in\u00edcio de mar\u00e7o, quando Serra pediu demiss\u00e3o e foi substitu\u00eddo pelo senador tucano Aloysio Nunes no Itamaraty.<\/p>\n<p>A mudan\u00e7a, no entanto, durou horas. Nunes n\u00e3o fora avisado previamente da perda do \u00f3rg\u00e3o e ficou furioso. Amea\u00e7ou at\u00e9 n\u00e3o tomar posse e Temer determinou a publica\u00e7\u00e3o de um novo decreto suspendendo a transfer\u00eancia da Camex para o Mdic, que agora se concretiza. A atual secret\u00e1ria-executiva do colegiado, Tatiana Rosito, deve perder o cargo. Diplomata de carreira e ministra de segunda classe (um degrau antes de embaixadora), ela tinha a confian\u00e7a de Serra.<\/p>\n<p>Havia cr\u00edticas veladas, no setor privado, sobre a falta de iniciativa da Camex sob o Itamaraty. O conselho de ministros se reuniu uma \u00fanica vez e houve &#8220;trapalhadas&#8221; do \u00f3rg\u00e3o, como a queda das tarifas de importa\u00e7\u00e3o do caf\u00e9 importa\u00e7\u00e3o. A decis\u00e3o precisou ser revertida por ordem do pr\u00f3prio Temer.<\/p>\n<p>Fonte: Valor<\/p>\n","protected":false},"excerpt":{"rendered":"<p>O comando da C\u00e2mara de Com\u00e9rcio Exterior (Camex) mudou novamente de endere\u00e7o. Um decreto presidencial publicado no Di\u00e1rio Oficial da Uni\u00e3o (DOU) devolve a secretaria-executiva&#8230;<\/p>\n","protected":false},"author":1182,"featured_media":19480,"comment_status":"closed","ping_status":"closed","sticky":false,"template":"","format":"standard","meta":{"footnotes":""},"categories":[6],"tags":[],"class_list":["post-23164","post","type-post","status-publish","format-standard","has-post-thumbnail","hentry","category-noticias"],"_links":{"self":[{"href":"https:\/\/www.sincomam.org.br\/index.php\/wp-json\/wp\/v2\/posts\/23164","targetHints":{"allow":["GET"]}}],"collection":[{"href":"https:\/\/www.sincomam.org.br\/index.php\/wp-json\/wp\/v2\/posts"}],"about":[{"href":"https:\/\/www.sincomam.org.br\/index.php\/wp-json\/wp\/v2\/types\/post"}],"author":[{"embeddable":true,"href":"https:\/\/www.sincomam.org.br\/index.php\/wp-json\/wp\/v2\/users\/1182"}],"replies":[{"embeddable":true,"href":"https:\/\/www.sincomam.org.br\/index.php\/wp-json\/wp\/v2\/comments?post=23164"}],"version-history":[{"count":1,"href":"https:\/\/www.sincomam.org.br\/index.php\/wp-json\/wp\/v2\/posts\/23164\/revisions"}],"predecessor-version":[{"id":23165,"href":"https:\/\/www.sincomam.org.br\/index.php\/wp-json\/wp\/v2\/posts\/23164\/revisions\/23165"}],"wp:featuredmedia":[{"embeddable":true,"href":"https:\/\/www.sincomam.org.br\/index.php\/wp-json\/wp\/v2\/media\/19480"}],"wp:attachment":[{"href":"https:\/\/www.sincomam.org.br\/index.php\/wp-json\/wp\/v2\/media?parent=23164"}],"wp:term":[{"taxonomy":"category","embeddable":true,"href":"https:\/\/www.sincomam.org.br\/index.php\/wp-json\/wp\/v2\/categories?post=23164"},{"taxonomy":"post_tag","embeddable":true,"href":"https:\/\/www.sincomam.org.br\/index.php\/wp-json\/wp\/v2\/tags?post=23164"}],"curies":[{"name":"wp","href":"https:\/\/api.w.org\/{rel}","templated":true}]}}