{"id":23148,"date":"2017-04-17T02:00:00","date_gmt":"2017-04-17T05:00:00","guid":{"rendered":"http:\/\/www.sincomam.org.br\/?p=23148"},"modified":"2017-04-15T09:11:17","modified_gmt":"2017-04-15T12:11:17","slug":"tudo-que-muda-no-processo-de-demissao-com-a-nova-clt","status":"publish","type":"post","link":"https:\/\/www.sincomam.org.br\/index.php\/tudo-que-muda-no-processo-de-demissao-com-a-nova-clt\/","title":{"rendered":"Tudo que muda no processo de demiss\u00e3o com a nova CLT"},"content":{"rendered":"<p>A reforma trabalhista, que mexe em uma centena de pontos da CLT(Consolida\u00e7\u00e3o das Leis do Trabalho), tamb\u00e9m prev\u00ea um novo modelo de demiss\u00e3o. A mudan\u00e7a n\u00e3o estava no projeto original enviado pelo governo mas aparece no parecer apresentado na \u00faltima quarta-feira pelo relator, deputado Rog\u00e9rio Marinho (PSDB-RN), para a comiss\u00e3o especial que analisa o tema.<\/p>\n<p>Atualmente, se o trabalhador pedir demiss\u00e3o ele n\u00e3o pode movimentar o saldo do FGTS (Fundo de Garantia por Tempo de Servi\u00e7o), n\u00e3o ganha indeniza\u00e7\u00e3o, \u00e9 descontado das verbas rescis\u00f3rias se n\u00e3o cumprir o aviso pr\u00e9vio e n\u00e3o pode pedir seguro-desemprego.<\/p>\n<p>Se o trabalhador for demitido por justa causa, a mesma coisa, e sem necessidade de aviso pr\u00e9vio por parte da empresa.<\/p>\n<p>Mas se o trabalhador for demitido sem justa causa, tem direito ao aviso pr\u00e9vio e pode acessar o dinheiro no seu FGTS, al\u00e9m de receber uma multa de 40% sobre o saldo. Saiba mais: descubra com a Xerpa 6 motivos que pro\u00edbem desligamentos sem justa causa Patrocinado.<\/p>\n<p>Por isso, \u00e9 comum ocorrer uma\u00a0\u201cdemiss\u00e3o consentida\u201d, quando o trabalhador quer se demitir e faz um acordo informal com a empresa para que seja registrado como demitido sem justa causa e assim tenha acesso aos benef\u00edcios.<\/p>\n<p>Para tentar coibir essa pr\u00e1tica, o Art. 484-A cria a modalidade da demiss\u00e3o \u201cde comum acordo\u201d entre empregador e empregado.<\/p>\n<p>No novo modelo, o\u00a0empregado poder\u00e1 movimentar 80% do valor depositado na sua conta do FGTS, mas perde o direito de pedir seguro-desemprego. Al\u00e9m disso, o\u00a0valor do aviso pr\u00e9vio e da multa sobre o saldo do FGTS seriam pagos pela metade.<\/p>\n<p>Outro artigo modificado seria o 477, retirando a exig\u00eancia de homologar a demiss\u00e3o no sindicato. Se quiser, empregador e empregado podem negociar a rescis\u00e3o e levar pra ser homologado na Justi\u00e7a.<\/p>\n<p>Bastaria a anota\u00e7\u00e3o da rescis\u00e3o na carteira de trabalho e a comunica\u00e7\u00e3o aos \u00f3rg\u00e3os competentes para que o empregado possa levantar a multa do FGTS e pedir seguro-desemprego.<\/p>\n<p>J\u00e1 nas hip\u00f3teses que justificam a demiss\u00e3o por justa causa, definidas pelo artigo 482, foi inclu\u00edda a perda do empregado de uma habilita\u00e7\u00e3o profissional\u00a0imprescind\u00edvel para o exerc\u00edcio de suas fun\u00e7\u00f5es<\/p>\n<p>\u201c\u00c9 o caso, por exemplo, de um m\u00e9dico que teve o seu registro profissional cassado ou o de um motorista que perdeu a sua habilita\u00e7\u00e3o para\u00a0conduzir ve\u00edculo\u201d, diz o relat\u00f3rio.<\/p>\n<p>Al\u00e9m da demiss\u00e3o, o projeto tamb\u00e9m toca em quest\u00f5es como parcelamento das f\u00e9rias e teletrabalho, al\u00e9m de estabelecer a preval\u00eancia jur\u00eddica de acordos coletivos entre empresas e sindicatos em dezenas de temas.<\/p>\n<p>Fonte: Exame<\/p>\n","protected":false},"excerpt":{"rendered":"<p>A reforma trabalhista, que mexe em uma centena de pontos da CLT(Consolida\u00e7\u00e3o das Leis do Trabalho), tamb\u00e9m prev\u00ea um novo modelo de demiss\u00e3o. A mudan\u00e7a&#8230;<\/p>\n","protected":false},"author":1182,"featured_media":17785,"comment_status":"closed","ping_status":"closed","sticky":false,"template":"","format":"standard","meta":{"footnotes":""},"categories":[6],"tags":[],"class_list":["post-23148","post","type-post","status-publish","format-standard","has-post-thumbnail","hentry","category-noticias"],"_links":{"self":[{"href":"https:\/\/www.sincomam.org.br\/index.php\/wp-json\/wp\/v2\/posts\/23148","targetHints":{"allow":["GET"]}}],"collection":[{"href":"https:\/\/www.sincomam.org.br\/index.php\/wp-json\/wp\/v2\/posts"}],"about":[{"href":"https:\/\/www.sincomam.org.br\/index.php\/wp-json\/wp\/v2\/types\/post"}],"author":[{"embeddable":true,"href":"https:\/\/www.sincomam.org.br\/index.php\/wp-json\/wp\/v2\/users\/1182"}],"replies":[{"embeddable":true,"href":"https:\/\/www.sincomam.org.br\/index.php\/wp-json\/wp\/v2\/comments?post=23148"}],"version-history":[{"count":1,"href":"https:\/\/www.sincomam.org.br\/index.php\/wp-json\/wp\/v2\/posts\/23148\/revisions"}],"predecessor-version":[{"id":23149,"href":"https:\/\/www.sincomam.org.br\/index.php\/wp-json\/wp\/v2\/posts\/23148\/revisions\/23149"}],"wp:featuredmedia":[{"embeddable":true,"href":"https:\/\/www.sincomam.org.br\/index.php\/wp-json\/wp\/v2\/media\/17785"}],"wp:attachment":[{"href":"https:\/\/www.sincomam.org.br\/index.php\/wp-json\/wp\/v2\/media?parent=23148"}],"wp:term":[{"taxonomy":"category","embeddable":true,"href":"https:\/\/www.sincomam.org.br\/index.php\/wp-json\/wp\/v2\/categories?post=23148"},{"taxonomy":"post_tag","embeddable":true,"href":"https:\/\/www.sincomam.org.br\/index.php\/wp-json\/wp\/v2\/tags?post=23148"}],"curies":[{"name":"wp","href":"https:\/\/api.w.org\/{rel}","templated":true}]}}