{"id":23133,"date":"2017-04-13T13:01:01","date_gmt":"2017-04-13T16:01:01","guid":{"rendered":"http:\/\/www.sincomam.org.br\/?p=23133"},"modified":"2017-04-13T13:01:01","modified_gmt":"2017-04-13T16:01:01","slug":"governo-espera-r-45-bi-com-novo-leilao-do-pre-sal","status":"publish","type":"post","link":"https:\/\/www.sincomam.org.br\/index.php\/governo-espera-r-45-bi-com-novo-leilao-do-pre-sal\/","title":{"rendered":"Governo espera R$ 4,5 bi com novo leil\u00e3o do pr\u00e9-sal"},"content":{"rendered":"<p>O governo marcou a 3.\u00aa rodada de licita\u00e7\u00f5es do pr\u00e9-sal para novembro. Quatro \u00e1reas nas Bacias de Campos e Santos ser\u00e3o licitadas: Pau Brasil, Peroba, Alto de Cabo Frio-Oeste e Alto de Cabo Frio-Central, segundo decis\u00e3o do Conselho Nacional de Pol\u00edtica Energ\u00e9tica (CNPE). De acordo com o ministro de Minas e Energia, Fernando Coelho Filho, a previs\u00e3o \u00e9 de que sejam arrecadados R$ 4,5 bilh\u00f5es nesse leil\u00e3o.<\/p>\n<p>Considerando os tr\u00eas outros leil\u00f5es no setor j\u00e1 marcados para este ano, o governo estima receber entre R$ 8,5 bilh\u00f5es e R$ 9 bilh\u00f5es em licita\u00e7\u00f5es de petr\u00f3leo e g\u00e1s natural.<\/p>\n<p>As \u00e1reas leiloadas nessa rodada ter\u00e3o uma exig\u00eancia de conte\u00fado local m\u00ednimo global de 18% na fase de explora\u00e7\u00e3o. Na etapa de desenvolvimento da produ\u00e7\u00e3o, o \u00edndice ser\u00e1 de 25% para constru\u00e7\u00e3o de po\u00e7os; 40% para o sistema de coleta e escoamento; e 25% para a unidade estacion\u00e1ria de produ\u00e7\u00e3o.<\/p>\n<p>O secret\u00e1rio de Petr\u00f3leo, G\u00e1s Natural e Combust\u00edveis Renov\u00e1veis do Minist\u00e9rio de Minas e Energia, M\u00e1rcio F\u00e9lix, disse que a tentativa de nacionalizar a fabrica\u00e7\u00e3o de sondas \u201cn\u00e3o deu certo\u201d. J\u00e1 na parte submarina, segundo ele, \u00e9 poss\u00edvel exigir 40%, pois o Brasil tem experi\u00eancia na fabrica\u00e7\u00e3o desses equipamentos.<\/p>\n<p>Na 2.\u00aa rodada de licita\u00e7\u00f5es do pr\u00e9-sal, que deve ser antecipada para junho, os \u00edndices de conte\u00fado local ser\u00e3o os mesmo cobrados das \u00e1reas adjacentes, leiloadas em rodadas anteriores do p\u00f3s-sal, sem obriga\u00e7\u00f5es adicionais. O governo tamb\u00e9m marcou as pr\u00f3ximas licita\u00e7\u00f5es do pr\u00e9-sal. A 4.\u00aa rodada ser\u00e1 em maio de 2018, e a 5.\u00aa rodada, no segundo semestre de 2019. Ser\u00e3o ofertadas \u00e1reas nas bacias de Campos e de Santos. As exig\u00eancias de conte\u00fado local para essas rodadas ser\u00e3o definidas futuramente.<\/p>\n<p>P\u00f3s-sal. No calend\u00e1rio, est\u00e3o previstas tamb\u00e9m a 15.\u00aa rodada de licita\u00e7\u00f5es de petr\u00f3leo e g\u00e1s, em maio de 2018, e a 16.\u00aa rodada, no segundo semestre de 2019. Como s\u00e3o \u00e1reas do p\u00f3s-sal, ser\u00e3o licitadas sob o regime de concess\u00e3o. Para a 14.\u00aa rodada, marcada este ano, os compromissos de conte\u00fado local ser\u00e3o definidos em cl\u00e1usulas do contrato. Tamb\u00e9m est\u00e3o previstas rodadas de licita\u00e7\u00f5es de campos terrestres maduros. Para essas rodadas n\u00e3o haver\u00e1 exig\u00eancia de conte\u00fado local.<\/p>\n<p>Com isso, a partir do ano que vem, o governo pretende realizar tr\u00eas leil\u00f5es de petr\u00f3leo e g\u00e1s por ano: um de pr\u00e9-sal, outro de p\u00f3s-sal e outro de campos terrestres maduros.<\/p>\n<p>Fonte: Estad\u00e3o<\/p>\n","protected":false},"excerpt":{"rendered":"<p>O governo marcou a 3.\u00aa rodada de licita\u00e7\u00f5es do pr\u00e9-sal para novembro. Quatro \u00e1reas nas Bacias de Campos e Santos ser\u00e3o licitadas: Pau Brasil, Peroba,&#8230;<\/p>\n","protected":false},"author":1182,"featured_media":18517,"comment_status":"closed","ping_status":"closed","sticky":false,"template":"","format":"standard","meta":{"footnotes":""},"categories":[6],"tags":[],"class_list":["post-23133","post","type-post","status-publish","format-standard","has-post-thumbnail","hentry","category-noticias"],"_links":{"self":[{"href":"https:\/\/www.sincomam.org.br\/index.php\/wp-json\/wp\/v2\/posts\/23133","targetHints":{"allow":["GET"]}}],"collection":[{"href":"https:\/\/www.sincomam.org.br\/index.php\/wp-json\/wp\/v2\/posts"}],"about":[{"href":"https:\/\/www.sincomam.org.br\/index.php\/wp-json\/wp\/v2\/types\/post"}],"author":[{"embeddable":true,"href":"https:\/\/www.sincomam.org.br\/index.php\/wp-json\/wp\/v2\/users\/1182"}],"replies":[{"embeddable":true,"href":"https:\/\/www.sincomam.org.br\/index.php\/wp-json\/wp\/v2\/comments?post=23133"}],"version-history":[{"count":1,"href":"https:\/\/www.sincomam.org.br\/index.php\/wp-json\/wp\/v2\/posts\/23133\/revisions"}],"predecessor-version":[{"id":23134,"href":"https:\/\/www.sincomam.org.br\/index.php\/wp-json\/wp\/v2\/posts\/23133\/revisions\/23134"}],"wp:featuredmedia":[{"embeddable":true,"href":"https:\/\/www.sincomam.org.br\/index.php\/wp-json\/wp\/v2\/media\/18517"}],"wp:attachment":[{"href":"https:\/\/www.sincomam.org.br\/index.php\/wp-json\/wp\/v2\/media?parent=23133"}],"wp:term":[{"taxonomy":"category","embeddable":true,"href":"https:\/\/www.sincomam.org.br\/index.php\/wp-json\/wp\/v2\/categories?post=23133"},{"taxonomy":"post_tag","embeddable":true,"href":"https:\/\/www.sincomam.org.br\/index.php\/wp-json\/wp\/v2\/tags?post=23133"}],"curies":[{"name":"wp","href":"https:\/\/api.w.org\/{rel}","templated":true}]}}