{"id":23131,"date":"2017-04-13T13:00:07","date_gmt":"2017-04-13T16:00:07","guid":{"rendered":"http:\/\/www.sincomam.org.br\/?p=23131"},"modified":"2017-04-13T13:00:07","modified_gmt":"2017-04-13T16:00:07","slug":"incertezas-ameacam-retomada-de-comercio-mundial","status":"publish","type":"post","link":"https:\/\/www.sincomam.org.br\/index.php\/incertezas-ameacam-retomada-de-comercio-mundial\/","title":{"rendered":"Incertezas amea\u00e7am retomada de com\u00e9rcio mundial"},"content":{"rendered":"<p>Marcado por incertezas, o mercado mundial n\u00e3o deve apresentar uma forte recupera\u00e7\u00e3o para o com\u00e9rcio pelos pr\u00f3ximos dois anos. Dados apresentados pela OMC indicam ainda que, em 2016, a taxa de expans\u00e3o do com\u00e9rcio foi de apenas 1,3% em volume e uma contra\u00e7\u00e3o de 3% em termos de valores.\u00a0<\/p>\n<p>De acordo com Roberto Azevedo, diretor da entidade, o desempenho de 2016 \u00e9 o pior desde o in\u00edcio da crise mundial de 2009 e, pelo segundo ano consecutivo, o com\u00e9rcio internacional sofreu uma contra\u00e7\u00e3o em d\u00f3lares.\u00a0<\/p>\n<p>Entre suas previs\u00f5es, a OMC estima que 2017 ter\u00e1 um melhor resultado para o com\u00e9rcio internacional. Mesmo assim, ele pode chegar a 2,4% neste ano, com uma margem de varia\u00e7\u00e3o de 1,8% a 3,6%. Para 2018, o com\u00e9rcio pode se expandir entre 2,1% e 4%.\u00a0<\/p>\n<p>Ainda que o crescimento seja identificado, nem o melhor dos cen\u00e1rios aproxima o desempenho do com\u00e9rcio ao que era conhecido no mundo nas \u00faltimas d\u00e9cadas.\u00a0<\/p>\n<p>Segundo a OMC, o resultado de 2016 foi em grande parte afetado pelo desempenho negativo dos mercados emergentes, como Brasil, China ou R\u00fassia. Mas a pr\u00f3pria entidade estima que o mercado global hoje est\u00e1 &#8220;profundamente imprevis\u00edvel&#8221; diante da falta de clareza dos governos sobre suas pol\u00edticas econ\u00f4micas, monet\u00e1rias e comerciais.\u00a0<\/p>\n<p>&#8220;A incerteza \u00e9 acima de tudo pol\u00edtica. O com\u00e9rcio internacional fraco dos \u00faltimos anos reflete a debilidade da economia global&#8221;, disse Azevedo.<\/p>\n<p>Segundo ele, o com\u00e9rcio tem o potencial de ajudar na recupera\u00e7\u00e3o da economia mundial. Mas o protecionismo pode aprofundar ainda mais a crise. &#8220;Se pol\u00edticos tentarem lidar com a perda de empregos com restri\u00e7\u00f5es severas ao com\u00e9rcio, ele pode se constituir em um peso para a recupera\u00e7\u00e3o&#8221;, alertou.\u00a0<\/p>\n<p>Azevedo ainda usou o an\u00fancio sobre os dados para alertar sobre os riscos de uma onda protecionista. &#8220;As preocupa\u00e7\u00f5es das pessoas s\u00e3o leg\u00edtimas. Mas n\u00e3o adianta resolver um problema e criar outro em outro lugar do mundo. O com\u00e9rcio deve fazer parte da solu\u00e7\u00e3o&#8221;, defendeu. &#8220;Fechar as fronteiras n\u00e3o vai trazer empregos de volta. Apenas vai destruir mais postos de trabalho. Precisamos resistir&#8221;, disse.<\/p>\n<p>O brasileiro continua a evitar a falar diretamente sobre Donald Trump. &#8220;Ainda estamos aguardando para saber qual ser\u00e1 a pol\u00edtica comercial&#8221;, completou. Mas admitiu: as incertezas s\u00e3o &#8220;ruins&#8221; ao com\u00e9rcio.<\/p>\n<p>Fonte: Estad\u00e3o<\/p>\n","protected":false},"excerpt":{"rendered":"<p>Marcado por incertezas, o mercado mundial n\u00e3o deve apresentar uma forte recupera\u00e7\u00e3o para o com\u00e9rcio pelos pr\u00f3ximos dois anos. Dados apresentados pela OMC indicam ainda&#8230;<\/p>\n","protected":false},"author":1182,"featured_media":18713,"comment_status":"closed","ping_status":"closed","sticky":false,"template":"","format":"standard","meta":{"footnotes":""},"categories":[6],"tags":[],"class_list":["post-23131","post","type-post","status-publish","format-standard","has-post-thumbnail","hentry","category-noticias"],"_links":{"self":[{"href":"https:\/\/www.sincomam.org.br\/index.php\/wp-json\/wp\/v2\/posts\/23131","targetHints":{"allow":["GET"]}}],"collection":[{"href":"https:\/\/www.sincomam.org.br\/index.php\/wp-json\/wp\/v2\/posts"}],"about":[{"href":"https:\/\/www.sincomam.org.br\/index.php\/wp-json\/wp\/v2\/types\/post"}],"author":[{"embeddable":true,"href":"https:\/\/www.sincomam.org.br\/index.php\/wp-json\/wp\/v2\/users\/1182"}],"replies":[{"embeddable":true,"href":"https:\/\/www.sincomam.org.br\/index.php\/wp-json\/wp\/v2\/comments?post=23131"}],"version-history":[{"count":1,"href":"https:\/\/www.sincomam.org.br\/index.php\/wp-json\/wp\/v2\/posts\/23131\/revisions"}],"predecessor-version":[{"id":23132,"href":"https:\/\/www.sincomam.org.br\/index.php\/wp-json\/wp\/v2\/posts\/23131\/revisions\/23132"}],"wp:featuredmedia":[{"embeddable":true,"href":"https:\/\/www.sincomam.org.br\/index.php\/wp-json\/wp\/v2\/media\/18713"}],"wp:attachment":[{"href":"https:\/\/www.sincomam.org.br\/index.php\/wp-json\/wp\/v2\/media?parent=23131"}],"wp:term":[{"taxonomy":"category","embeddable":true,"href":"https:\/\/www.sincomam.org.br\/index.php\/wp-json\/wp\/v2\/categories?post=23131"},{"taxonomy":"post_tag","embeddable":true,"href":"https:\/\/www.sincomam.org.br\/index.php\/wp-json\/wp\/v2\/tags?post=23131"}],"curies":[{"name":"wp","href":"https:\/\/api.w.org\/{rel}","templated":true}]}}