{"id":23129,"date":"2017-04-13T12:58:24","date_gmt":"2017-04-13T15:58:24","guid":{"rendered":"http:\/\/www.sincomam.org.br\/?p=23129"},"modified":"2017-04-13T12:58:24","modified_gmt":"2017-04-13T15:58:24","slug":"brasil-tem-maior-queda-de-importacao-entre-principais-economias-do-mundo","status":"publish","type":"post","link":"https:\/\/www.sincomam.org.br\/index.php\/brasil-tem-maior-queda-de-importacao-entre-principais-economias-do-mundo\/","title":{"rendered":"Brasil tem maior queda de importa\u00e7\u00e3o entre principais economias do mundo"},"content":{"rendered":"<p>A recess\u00e3o no Brasil leva o Pa\u00eds a sofrer a maior queda de importa\u00e7\u00f5es entre as grandes economias do mundo. A contra\u00e7\u00e3o, segundo a Organiza\u00e7\u00e3o Mundial do Com\u00e9rcio (OMC), j\u00e1 havia come\u00e7ado em 2014 e 2015, mas foi mantida em 2016. O resultado j\u00e1 coloca a economia brasileira como a que viu a maior redu\u00e7\u00e3o de compras at\u00e9 meados da atual d\u00e9cada.<\/p>\n<p>No ano passado, a queda foi de quase 20% nas importa\u00e7\u00f5es, bem acima da m\u00e9dia da redu\u00e7\u00e3o m\u00e9dia de 3% no mundo. O resultado, de US$ 143 bilh\u00f5es, levou o Brasil a despencar no ranking dos maiores importadores.\u00a0<\/p>\n<p>Em 2013 e 2014, o Brasil aparecia na 21\u00aa posi\u00e7\u00e3o entre as economias que mais importavam. Ao final de 2016, o Pa\u00eds estava na 28\u00aa posi\u00e7\u00e3o, superado at\u00e9 mesmo pela pequena economia da \u00c1ustria.\u00a0<\/p>\n<p>Em valores, a queda das importa\u00e7\u00f5es no Brasil foi uma constante nos \u00faltimos tr\u00eas anos. Em 2014, a contra\u00e7\u00e3o havia sido de 4,5%, contra uma queda de 25% em 2015 e 19,8% no ano passado. Em m\u00e9dia, a redu\u00e7\u00e3o foi de 4,7% entre 2010 e 2016, a maior do mundo entre as grandes economias.\u00a0<\/p>\n<p>Em volume, a queda tamb\u00e9m foi substancial \u2014 de 2,7% em 2014, 15,1% em 2015 e mais 12,8% de contra\u00e7\u00e3o em 2016.\u00a0<\/p>\n<p>\u201cA recess\u00e3o teve grande papel\u201d, disse Roberto Azevedo, diretor-geral da OMC, que espera que a contra\u00e7\u00e3o do PIB nacional perca for\u00e7a em 2017. \u201cIsso vai ser um fator para avaliar como a economia e o com\u00e9rcio v\u00e3o se comportar no mundo. Importa\u00e7\u00e3o \u00e9 significativa. Se ela cai rapidamente, \u00e9 um indicador avan\u00e7ado de uma desacelera\u00e7\u00e3o. \u00c0s vezes, essa queda \u00e9 comemorada. Mas isso n\u00e3o \u00e9 uma boa not\u00edcia. Apenas quer dizer que uma economia est\u00e1 se desacelerando\u201d, disse o brasileiro. \u201cMuito vai depender do comportamento do PIB (brasileiro)\u201d, estima.<\/p>\n<p>Fonte: Estad\u00e3o<\/p>\n","protected":false},"excerpt":{"rendered":"<p>A recess\u00e3o no Brasil leva o Pa\u00eds a sofrer a maior queda de importa\u00e7\u00f5es entre as grandes economias do mundo. A contra\u00e7\u00e3o, segundo a Organiza\u00e7\u00e3o&#8230;<\/p>\n","protected":false},"author":1182,"featured_media":18377,"comment_status":"closed","ping_status":"closed","sticky":false,"template":"","format":"standard","meta":{"footnotes":""},"categories":[6],"tags":[],"class_list":["post-23129","post","type-post","status-publish","format-standard","has-post-thumbnail","hentry","category-noticias"],"_links":{"self":[{"href":"https:\/\/www.sincomam.org.br\/index.php\/wp-json\/wp\/v2\/posts\/23129","targetHints":{"allow":["GET"]}}],"collection":[{"href":"https:\/\/www.sincomam.org.br\/index.php\/wp-json\/wp\/v2\/posts"}],"about":[{"href":"https:\/\/www.sincomam.org.br\/index.php\/wp-json\/wp\/v2\/types\/post"}],"author":[{"embeddable":true,"href":"https:\/\/www.sincomam.org.br\/index.php\/wp-json\/wp\/v2\/users\/1182"}],"replies":[{"embeddable":true,"href":"https:\/\/www.sincomam.org.br\/index.php\/wp-json\/wp\/v2\/comments?post=23129"}],"version-history":[{"count":1,"href":"https:\/\/www.sincomam.org.br\/index.php\/wp-json\/wp\/v2\/posts\/23129\/revisions"}],"predecessor-version":[{"id":23130,"href":"https:\/\/www.sincomam.org.br\/index.php\/wp-json\/wp\/v2\/posts\/23129\/revisions\/23130"}],"wp:featuredmedia":[{"embeddable":true,"href":"https:\/\/www.sincomam.org.br\/index.php\/wp-json\/wp\/v2\/media\/18377"}],"wp:attachment":[{"href":"https:\/\/www.sincomam.org.br\/index.php\/wp-json\/wp\/v2\/media?parent=23129"}],"wp:term":[{"taxonomy":"category","embeddable":true,"href":"https:\/\/www.sincomam.org.br\/index.php\/wp-json\/wp\/v2\/categories?post=23129"},{"taxonomy":"post_tag","embeddable":true,"href":"https:\/\/www.sincomam.org.br\/index.php\/wp-json\/wp\/v2\/tags?post=23129"}],"curies":[{"name":"wp","href":"https:\/\/api.w.org\/{rel}","templated":true}]}}