{"id":23127,"date":"2017-04-13T12:57:05","date_gmt":"2017-04-13T15:57:05","guid":{"rendered":"http:\/\/www.sincomam.org.br\/?p=23127"},"modified":"2017-04-13T12:57:05","modified_gmt":"2017-04-13T15:57:05","slug":"autonomia-das-docas-sera-analisada-pelo-governo","status":"publish","type":"post","link":"https:\/\/www.sincomam.org.br\/index.php\/autonomia-das-docas-sera-analisada-pelo-governo\/","title":{"rendered":"Autonomia das docas ser\u00e1 analisada pelo Governo"},"content":{"rendered":"<p>O ministro dos Transportes, Portos e Avia\u00e7\u00e3o Civil, Maur\u00edcio Quintella, determinou,nesta segunda-feira (11), a cria\u00e7\u00e3o de um grupo de trabalho com o objetivo de propor a\u00e7\u00f5es para descentralizar o processo de decis\u00e3o portu\u00e1ria. Em at\u00e9 90 dias, ele aguarda um relat\u00f3rio para que as autoridades portu\u00e1rias locais possam retomar, gradativamente, a autonomia.\u00a0<\/p>\n<p>A ordem, publicada no Di\u00e1rio Oficial, j\u00e1 vigora. Na abertura da 23\u00aa Intermodal South America (principal feira de transporte de cargas e log\u00edstica da Am\u00e9rica do Sul), em S\u00e3o Paulo, na \u00faltima semana, Quintella antecipou o objetivo do Governo Federal em modificar a legisla\u00e7\u00e3o. \u201cN\u00f3s queremos voltar a ter uma Autoridade Portu\u00e1ria aut\u00f4noma, com o poder que lhe foi retirado na \u00faltima Lei dos Portos (n\u00ba12.815\/2013)\u201d, disse, na ocasi\u00e3o.\u00a0<\/p>\n<p>Comp\u00f5e o grupo de trabalho representantes do Minist\u00e9rio \u2013 especificamente do Gabinete do Ministro, da Secretaria de Pol\u00edtica e Integra\u00e7\u00e3o, da Secretaria de Fomento e Parcerias e da Secretaria Nacional de Portos \u2013 e da Ag\u00eancia Nacional de Transportes Aquavi\u00e1rios (Antaq, o \u00f3rg\u00e3o regulador do setor). Uma agenda de eventos dever\u00e1 ser estabelecida pela equipe a partir do primeiro encontro, ainda a ser marcado.\u00a0<\/p>\n<p>Um relat\u00f3rio ser\u00e1 elaborado a partir das discuss\u00f5es e apresentado em meados de julho, segundo o decreto que determina a cria\u00e7\u00e3o desta for\u00e7a tarefa. O prazo, por\u00e9m, poder\u00e1 ser prorrogado por mais 90 dias.\u00a0<\/p>\n<p>Os integrantes tamb\u00e9m poder\u00e3o pedir aux\u00edlio de outras pastas e de especialistas.<\/p>\n<p>A maior autonomia das administra\u00e7\u00f5es portu\u00e1rias j\u00e1 era defendida pelo setor mesmo antes da promulga\u00e7\u00e3o da atual Lei dos Portos. Mas ap\u00f3s esse marco regulat\u00f3rio ter entrado em vigor, a necessidade de agilizar a gest\u00e3o dos complexos mar\u00edtimos ganhou maior for\u00e7a, chegando a Bras\u00edlia.<\/p>\n<p>Fonte: A Tribuna<\/p>\n","protected":false},"excerpt":{"rendered":"<p>O ministro dos Transportes, Portos e Avia\u00e7\u00e3o Civil, Maur\u00edcio Quintella, determinou,nesta segunda-feira (11), a cria\u00e7\u00e3o de um grupo de trabalho com o objetivo de propor&#8230;<\/p>\n","protected":false},"author":1182,"featured_media":19106,"comment_status":"closed","ping_status":"closed","sticky":false,"template":"","format":"standard","meta":{"footnotes":""},"categories":[6],"tags":[],"class_list":["post-23127","post","type-post","status-publish","format-standard","has-post-thumbnail","hentry","category-noticias"],"_links":{"self":[{"href":"https:\/\/www.sincomam.org.br\/index.php\/wp-json\/wp\/v2\/posts\/23127","targetHints":{"allow":["GET"]}}],"collection":[{"href":"https:\/\/www.sincomam.org.br\/index.php\/wp-json\/wp\/v2\/posts"}],"about":[{"href":"https:\/\/www.sincomam.org.br\/index.php\/wp-json\/wp\/v2\/types\/post"}],"author":[{"embeddable":true,"href":"https:\/\/www.sincomam.org.br\/index.php\/wp-json\/wp\/v2\/users\/1182"}],"replies":[{"embeddable":true,"href":"https:\/\/www.sincomam.org.br\/index.php\/wp-json\/wp\/v2\/comments?post=23127"}],"version-history":[{"count":1,"href":"https:\/\/www.sincomam.org.br\/index.php\/wp-json\/wp\/v2\/posts\/23127\/revisions"}],"predecessor-version":[{"id":23128,"href":"https:\/\/www.sincomam.org.br\/index.php\/wp-json\/wp\/v2\/posts\/23127\/revisions\/23128"}],"wp:featuredmedia":[{"embeddable":true,"href":"https:\/\/www.sincomam.org.br\/index.php\/wp-json\/wp\/v2\/media\/19106"}],"wp:attachment":[{"href":"https:\/\/www.sincomam.org.br\/index.php\/wp-json\/wp\/v2\/media?parent=23127"}],"wp:term":[{"taxonomy":"category","embeddable":true,"href":"https:\/\/www.sincomam.org.br\/index.php\/wp-json\/wp\/v2\/categories?post=23127"},{"taxonomy":"post_tag","embeddable":true,"href":"https:\/\/www.sincomam.org.br\/index.php\/wp-json\/wp\/v2\/tags?post=23127"}],"curies":[{"name":"wp","href":"https:\/\/api.w.org\/{rel}","templated":true}]}}