{"id":23118,"date":"2017-04-12T00:00:41","date_gmt":"2017-04-12T03:00:41","guid":{"rendered":"http:\/\/www.sincomam.org.br\/?p=23118"},"modified":"2017-04-11T21:06:53","modified_gmt":"2017-04-12T00:06:53","slug":"safra-de-graos-20162017-deve-chegar-a-2279-milhoes-de-toneladas-estima-conab","status":"publish","type":"post","link":"https:\/\/www.sincomam.org.br\/index.php\/safra-de-graos-20162017-deve-chegar-a-2279-milhoes-de-toneladas-estima-conab\/","title":{"rendered":"Safra de gr\u00e3os 2016\/2017 deve chegar a 227,9 milh\u00f5es de toneladas, estima Conab"},"content":{"rendered":"<p>A\u00a0safra 2016\/2017 de gr\u00e3os deve chegar a 227,9 milh\u00f5es de toneladas, com aumento de 22,1% ou 41,3 milh\u00f5es de toneladas em rela\u00e7\u00e3o aos 186,6 milh\u00f5es da safra passada. A previs\u00e3o foi divulgada nesta ter\u00e7a-feira (11) pela Companhia Nacional de Abastecimento (Conab).<\/p>\n<p>De acordo com a entidade, a eleva\u00e7\u00e3o comparada \u00e0 safra 2015\/2016 se deve ao aumento de \u00e1rea e \u00e0s boas produtividades m\u00e9dias da safra atual, que n\u00e3o sofre influ\u00eancia das m\u00e1s condi\u00e7\u00f5es clim\u00e1ticas do ano passado.<\/p>\n<p>&#8220;\u00c9 um dia hist\u00f3rico para a Conab e para a agricultura brasileira&#8221;, avaliou o presidente da Conab, Marcelo Bezerra, ao destacar a previs\u00e3o de aumento de 3% na \u00e1rea total em rela\u00e7\u00e3o \u00e0 safra anterior, podendo chegar a 60,1 milh\u00f5es de hectares.<\/p>\n<p>&#8220;Esses n\u00fameros muito bons e que ainda podem melhorar t\u00eam uma import\u00e2ncia muito grande agora&#8221;, destacou o representante do Minist\u00e9rio da Agricultura, Pecu\u00e1ria e Abastecimento, S\u00e1vio Pereira, ao citar as discuss\u00f5es em torno do Plano Safra e o apoio ao setor rural.<\/p>\n<p>Para a soja, a expectativa \u00e9 de crescimento de 15,4% na produ\u00e7\u00e3o, devendo atingir 110,2 milh\u00f5es de toneladas, com aumento de 14,7 milh\u00f5es de toneladas em rela\u00e7\u00e3o \u00e0 safra anterior e amplia\u00e7\u00e3o de 1,4% na \u00e1rea, que deve chegar a 33,7 milh\u00f5es de hectares.<\/p>\n<p>No caso do milho, a produ\u00e7\u00e3o deve alcan\u00e7ar 91,5 milh\u00f5es de toneladas (37,5% de crescimento), com 29,9 milh\u00f5es de toneladas para a primeira safra e 61,6 milh\u00f5es para a segunda. A \u00e1rea total do milho deve alcan\u00e7ar 17,1 milh\u00f5es de hectares (amplia\u00e7\u00e3o de 7,3%). Juntos, o milho e a soja representam quase 90% dos gr\u00e3os produzidos no pa\u00eds.<\/p>\n<p>O feij\u00e3o primeira safra deve chegar a uma produ\u00e7\u00e3o de 1,38 milh\u00e3o de tonelada, resultado 33,4% superior ao estudo de 2015\/2016. O feij\u00e3o segunda safra deve produzir 1,22 milh\u00e3o de toneladas, sendo 607,1 mil do gr\u00e3o em cores, 216,1 mil do preto e 393,6 mil do feij\u00e3o caupi. A produ\u00e7\u00e3o total pode chegar a 3,29 milh\u00f5es de toneladas, com \u00e1rea total de 3,1 milh\u00f5es de hectares.<\/p>\n<p>J\u00e1 o algod\u00e3o pluma deve crescer 14,3% e chegar a 1,47 milh\u00e3o de tonelada, mesmo com uma redu\u00e7\u00e3o de 2,6% na \u00e1rea cultivada.<\/p>\n<p>Fonte: Jornal do Commercio RS<\/p>\n","protected":false},"excerpt":{"rendered":"<p>A\u00a0safra 2016\/2017 de gr\u00e3os deve chegar a 227,9 milh\u00f5es de toneladas, com aumento de 22,1% ou 41,3 milh\u00f5es de toneladas em rela\u00e7\u00e3o aos 186,6 milh\u00f5es&#8230;<\/p>\n","protected":false},"author":1182,"featured_media":18672,"comment_status":"closed","ping_status":"closed","sticky":false,"template":"","format":"standard","meta":{"footnotes":""},"categories":[6],"tags":[],"class_list":["post-23118","post","type-post","status-publish","format-standard","has-post-thumbnail","hentry","category-noticias"],"_links":{"self":[{"href":"https:\/\/www.sincomam.org.br\/index.php\/wp-json\/wp\/v2\/posts\/23118","targetHints":{"allow":["GET"]}}],"collection":[{"href":"https:\/\/www.sincomam.org.br\/index.php\/wp-json\/wp\/v2\/posts"}],"about":[{"href":"https:\/\/www.sincomam.org.br\/index.php\/wp-json\/wp\/v2\/types\/post"}],"author":[{"embeddable":true,"href":"https:\/\/www.sincomam.org.br\/index.php\/wp-json\/wp\/v2\/users\/1182"}],"replies":[{"embeddable":true,"href":"https:\/\/www.sincomam.org.br\/index.php\/wp-json\/wp\/v2\/comments?post=23118"}],"version-history":[{"count":1,"href":"https:\/\/www.sincomam.org.br\/index.php\/wp-json\/wp\/v2\/posts\/23118\/revisions"}],"predecessor-version":[{"id":23119,"href":"https:\/\/www.sincomam.org.br\/index.php\/wp-json\/wp\/v2\/posts\/23118\/revisions\/23119"}],"wp:featuredmedia":[{"embeddable":true,"href":"https:\/\/www.sincomam.org.br\/index.php\/wp-json\/wp\/v2\/media\/18672"}],"wp:attachment":[{"href":"https:\/\/www.sincomam.org.br\/index.php\/wp-json\/wp\/v2\/media?parent=23118"}],"wp:term":[{"taxonomy":"category","embeddable":true,"href":"https:\/\/www.sincomam.org.br\/index.php\/wp-json\/wp\/v2\/categories?post=23118"},{"taxonomy":"post_tag","embeddable":true,"href":"https:\/\/www.sincomam.org.br\/index.php\/wp-json\/wp\/v2\/tags?post=23118"}],"curies":[{"name":"wp","href":"https:\/\/api.w.org\/{rel}","templated":true}]}}