{"id":23110,"date":"2017-04-11T13:21:14","date_gmt":"2017-04-11T16:21:14","guid":{"rendered":"http:\/\/www.sincomam.org.br\/?p=23110"},"modified":"2017-04-11T13:21:14","modified_gmt":"2017-04-11T16:21:14","slug":"bancada-buscara-recursos-para-o-porto-de-cabedelo","status":"publish","type":"post","link":"https:\/\/www.sincomam.org.br\/index.php\/bancada-buscara-recursos-para-o-porto-de-cabedelo\/","title":{"rendered":"Bancada buscar\u00e1 recursos para o Porto de Cabedelo"},"content":{"rendered":"<p>A bancada federal paraibana se reuniu na manh\u00e3 desta segunda-feira (10) na sede da Federa\u00e7\u00e3o das Ind\u00fastrias do Estado da Para\u00edba (FIEP), em Jo\u00e3o Pessoa. Durante o encontro, os parlamentares discutiram investimentos para o Porto de Cabedelo.<\/p>\n<p>A presidente da Companhia Docas, Gilmara Tim\u00f3teo, afirmou que com a drenagem do canal de acesso, o Porto ter\u00e1 condi\u00e7\u00f5es de receber navios de maior porte.<\/p>\n<p>\u201cEssa segunda fase seriam os estudos complementares para gente ter certeza e saber o que precisa ser dragado. Posteriormente, a execu\u00e7\u00e3o da obra em um prazo de 90 dias. Essa \u00e9 uma obra fundamental, a gente vai concluir nossa capacidade, vamos receber maiores navios. Acho que desta vez, a gente percebeu a unidade de nossa bancada federal e acredito que como o valor \u00e9 pequeno, a perspectiva que essa obra seja realizada \u00e9 total\u201d, disse.<\/p>\n<p>O deputado federal Dami\u00e3o Feliciano (PDT), afirmou que ir\u00e1 levar as demandas para o Minist\u00e9rio dos Transportes e, junto a bancada, buscar recursos para o calado do Porto.<\/p>\n<p>\u201cPrecisamos olhar para frente, chamar o feito a ordem e pegar a bancada federal. Focar nossa disposi\u00e7\u00e3o. A bancada hoje se tornou unida e vamos em busca do ministro dos Transportes para resolver isso. Dei um prazo de um ano para que n\u00f3s possamos conseguir e realizar tudo\u201d, disse.<\/p>\n<p>J\u00e1 a deputada Estela Bezerra (PSB) ressaltou o papel da Assembleia Legislativa nesse processo. Ela afirmou que o encontro foi positivo e acredita que a bancada conseguir\u00e1 os recursos com o Governo Federal.<\/p>\n<p>\u201cA Assembleia tem um papel pol\u00edtico de tanto chamar a aten\u00e7\u00e3o da sociedade em torno do que envolve o Porto, como de acompanhar a bancada federal. Afinal de contas, a bancada tem um papel determinado. Fiquei feliz de ver os deputados federais que\u00a0s\u00e3o ligados ao Governo do Estado, como o senador C\u00e1ssio e o deputado R\u00f4mulo. Se tivermos um posicionamento unificado de nossa bancada, n\u00e3o vejo como n\u00e3o conseguir R$ 50 milh\u00f5es para o\u00a0calado\u201d, destacou.<\/p>\n<p>Fonte: Mais PB<\/p>\n","protected":false},"excerpt":{"rendered":"<p>A bancada federal paraibana se reuniu na manh\u00e3 desta segunda-feira (10) na sede da Federa\u00e7\u00e3o das Ind\u00fastrias do Estado da Para\u00edba (FIEP), em Jo\u00e3o Pessoa&#8230;.<\/p>\n","protected":false},"author":1182,"featured_media":17907,"comment_status":"closed","ping_status":"closed","sticky":false,"template":"","format":"standard","meta":{"footnotes":""},"categories":[6],"tags":[],"class_list":["post-23110","post","type-post","status-publish","format-standard","has-post-thumbnail","hentry","category-noticias"],"_links":{"self":[{"href":"https:\/\/www.sincomam.org.br\/index.php\/wp-json\/wp\/v2\/posts\/23110","targetHints":{"allow":["GET"]}}],"collection":[{"href":"https:\/\/www.sincomam.org.br\/index.php\/wp-json\/wp\/v2\/posts"}],"about":[{"href":"https:\/\/www.sincomam.org.br\/index.php\/wp-json\/wp\/v2\/types\/post"}],"author":[{"embeddable":true,"href":"https:\/\/www.sincomam.org.br\/index.php\/wp-json\/wp\/v2\/users\/1182"}],"replies":[{"embeddable":true,"href":"https:\/\/www.sincomam.org.br\/index.php\/wp-json\/wp\/v2\/comments?post=23110"}],"version-history":[{"count":1,"href":"https:\/\/www.sincomam.org.br\/index.php\/wp-json\/wp\/v2\/posts\/23110\/revisions"}],"predecessor-version":[{"id":23111,"href":"https:\/\/www.sincomam.org.br\/index.php\/wp-json\/wp\/v2\/posts\/23110\/revisions\/23111"}],"wp:featuredmedia":[{"embeddable":true,"href":"https:\/\/www.sincomam.org.br\/index.php\/wp-json\/wp\/v2\/media\/17907"}],"wp:attachment":[{"href":"https:\/\/www.sincomam.org.br\/index.php\/wp-json\/wp\/v2\/media?parent=23110"}],"wp:term":[{"taxonomy":"category","embeddable":true,"href":"https:\/\/www.sincomam.org.br\/index.php\/wp-json\/wp\/v2\/categories?post=23110"},{"taxonomy":"post_tag","embeddable":true,"href":"https:\/\/www.sincomam.org.br\/index.php\/wp-json\/wp\/v2\/tags?post=23110"}],"curies":[{"name":"wp","href":"https:\/\/api.w.org\/{rel}","templated":true}]}}