{"id":23108,"date":"2017-04-11T13:19:45","date_gmt":"2017-04-11T16:19:45","guid":{"rendered":"http:\/\/www.sincomam.org.br\/?p=23108"},"modified":"2017-04-11T13:19:45","modified_gmt":"2017-04-11T16:19:45","slug":"vale-confirma-que-minerio-que-afundou-no-atlantico-era-da-empresa-carga-tinha-seguro","status":"publish","type":"post","link":"https:\/\/www.sincomam.org.br\/index.php\/vale-confirma-que-minerio-que-afundou-no-atlantico-era-da-empresa-carga-tinha-seguro\/","title":{"rendered":"Vale confirma que min\u00e9rio que afundou no Atl\u00e2ntico era da empresa; carga tinha seguro"},"content":{"rendered":"<p>A mineradora Vale informou nesta segunda-feira que uma carga de 260 mil toneladas de finos de min\u00e9rio de ferro, que estava em um cargueiro que afundou na costa do Uruguai, na sexta-feira, pertencia \u00e0 companhia, confirmando informa\u00e7\u00f5es do sistema de rastreamento de navios da Thomson Reuters.<\/p>\n<p>A empresa informou ainda que a carga estava sendo direcionada para um p\u00e1tio de estocagem\/blendagem na China. A Vale disse ainda em nota \u00e0 Reuters que o produto tem cobertura de seguro.<\/p>\n<p>Questionada sobre se haveria necessidade de declara\u00e7\u00e3o de for\u00e7a maior, a Vale informou que o produto ainda n\u00e3o havia sido comercializado, ou seja, ainda pertencia \u00e0 mineradora brasileira.<\/p>\n<p>Fonte: Reuters<\/p>\n","protected":false},"excerpt":{"rendered":"<p>A mineradora Vale informou nesta segunda-feira que uma carga de 260 mil toneladas de finos de min\u00e9rio de ferro, que estava em um cargueiro que&#8230;<\/p>\n","protected":false},"author":1182,"featured_media":20872,"comment_status":"closed","ping_status":"closed","sticky":false,"template":"","format":"standard","meta":{"footnotes":""},"categories":[6],"tags":[],"class_list":["post-23108","post","type-post","status-publish","format-standard","has-post-thumbnail","hentry","category-noticias"],"_links":{"self":[{"href":"https:\/\/www.sincomam.org.br\/index.php\/wp-json\/wp\/v2\/posts\/23108","targetHints":{"allow":["GET"]}}],"collection":[{"href":"https:\/\/www.sincomam.org.br\/index.php\/wp-json\/wp\/v2\/posts"}],"about":[{"href":"https:\/\/www.sincomam.org.br\/index.php\/wp-json\/wp\/v2\/types\/post"}],"author":[{"embeddable":true,"href":"https:\/\/www.sincomam.org.br\/index.php\/wp-json\/wp\/v2\/users\/1182"}],"replies":[{"embeddable":true,"href":"https:\/\/www.sincomam.org.br\/index.php\/wp-json\/wp\/v2\/comments?post=23108"}],"version-history":[{"count":1,"href":"https:\/\/www.sincomam.org.br\/index.php\/wp-json\/wp\/v2\/posts\/23108\/revisions"}],"predecessor-version":[{"id":23109,"href":"https:\/\/www.sincomam.org.br\/index.php\/wp-json\/wp\/v2\/posts\/23108\/revisions\/23109"}],"wp:featuredmedia":[{"embeddable":true,"href":"https:\/\/www.sincomam.org.br\/index.php\/wp-json\/wp\/v2\/media\/20872"}],"wp:attachment":[{"href":"https:\/\/www.sincomam.org.br\/index.php\/wp-json\/wp\/v2\/media?parent=23108"}],"wp:term":[{"taxonomy":"category","embeddable":true,"href":"https:\/\/www.sincomam.org.br\/index.php\/wp-json\/wp\/v2\/categories?post=23108"},{"taxonomy":"post_tag","embeddable":true,"href":"https:\/\/www.sincomam.org.br\/index.php\/wp-json\/wp\/v2\/tags?post=23108"}],"curies":[{"name":"wp","href":"https:\/\/api.w.org\/{rel}","templated":true}]}}