{"id":23096,"date":"2017-04-10T08:54:50","date_gmt":"2017-04-10T11:54:50","guid":{"rendered":"http:\/\/www.sincomam.org.br\/?p=23096"},"modified":"2017-04-10T08:54:50","modified_gmt":"2017-04-10T11:54:50","slug":"deputados-federais-prometem-ajuda-ao-porto-de-santos","status":"publish","type":"post","link":"https:\/\/www.sincomam.org.br\/index.php\/deputados-federais-prometem-ajuda-ao-porto-de-santos\/","title":{"rendered":"Deputados federais prometem ajuda ao Porto de Santos"},"content":{"rendered":"<p>Deputados federais da Comiss\u00e3o de Via\u00e7\u00e3o e Transportes (CVT) da C\u00e2mara Federal vieram a Santos para conferir os principais problemas do Porto de Santos, para que sejam debatidos em Bras\u00edlia. E se a inten\u00e7\u00e3o era ver os gargalos do complexo mar\u00edtimo, o grupo deu sorte, pois a primeira imagem que tiveram da regi\u00e3o foi da entrada da Cidade, que, devido \u00e0s chuvas, estava alagada.<\/p>\n<p>No grupo, estava o novo presidente da comiss\u00e3o, Altineu C\u00f4rtes (PMDB\/RJ), em sua primeira visita ao cais santista. \u201cEstamos aqui para conhecer os problemas, integr\u00e1-los com a comiss\u00e3o. A ideia \u00e9 que, com isso, a gente possa apertar o Governo Federal, no bom sentido, e ajudar o Porto de Santos a se desenvolver\u201d, garante.<\/p>\n<p>Tamb\u00e9m participaram da visita t\u00e9cnica os deputados Jo\u00e3o Paulo Papa (PSDB-SP) e Marcelo Squassoni (PRB-SP), ambos com base na regi\u00e3o, al\u00e9m de Wilson Beserra (PMDB-RJ) e Milton Monti (PR-SP), todos da CVT.<\/p>\n<p>Esta n\u00e3o \u00e9 a primeira vez que a Comiss\u00e3o passa pelo maior porto da Am\u00e9rica Latina. Em 2015, seus integrantes na \u00e9poca vistoriaram os complexos mar\u00edtimos de todo o Pa\u00eds, inclusive o de Santos. Com a renova\u00e7\u00e3o dos membros da CVT, a iniciativa foi retomada para que eles possam conhecer as principais quest\u00f5es da \u00e1rea.<\/p>\n<p><strong>A visita<\/strong><\/p>\n<p>A primeira parada do grupo na regi\u00e3o foi na sede da Companhia Docas do Estado de S\u00e3o Paulo (Codesp), onde foram recebidos pelo presidente da entidade, Alex Oliva, e os demais diretores. Durante o encontro, Papa apresentou aos presentes o projeto de lei de sua autoria, em tramita\u00e7\u00e3o na C\u00e2mara, que prev\u00ea que 50% dos recursos de novos arrendamentos sejam reservados para investimentos no respectivo porto.<\/p>\n<p>O Porto de Santos, s\u00f3 com os tr\u00eas primeiros arrendamentos que ocorreram, j\u00e1 ter\u00edamos R$ 200 milh\u00f5es para o fundo que seria criado para gerir esse valor\u201d, explica o deputado. Ele afirmou ainda que esse valor seria suficiente para completar a parte da Uni\u00e3o nas obras na entrada de Santos e tamb\u00e9m no acesso ao Porto pelo Guaruj\u00e1. \u201cE esse recurso \u00e9 de apenas dos tr\u00eas primeiros leil\u00f5es de arrendamento. Outros vir\u00e3o pela frente\u201d, disse Papa.<\/p>\n<p>Ele informou aos colegas e a dirigentes da Codesp que a Ag\u00eancia Nacional de Transportes Aquavi\u00e1rios (Antaq, o \u00f3rg\u00e3o regulador do setor) analisou a proposta e, nesta semana, emitiu uma nota t\u00e9cnica oficial dando apoio ao projeto \u2013 que ainda deve tramitar por comiss\u00f5es da C\u00e2mara, antes de ir para a avalia\u00e7\u00e3o do Senado.<\/p>\n<p>Depois do encontro na Codesp, os membros do Legislativo Federal visitaram o Terminal de Passageiros Giusfredo Santini, para acompanhar as opera\u00e7\u00f5es de embarque e desembarque de um navio de passageiros. Em seguida, conheceram o centro de controle do VTMIS, o sistema de monitoramento do tr\u00e1fego mar\u00edtimo, a ser implantado no pr\u00f3ximo ano. Na base, na Ponta da Praia, embarcaram em uma lancha para percorrer o canal de navega\u00e7\u00e3o, incluindo a Ilha Barnab\u00e9, na \u00c1rea Continental de Santos.<\/p>\n<p>Sistema de monitoramento do tr\u00e1fego mar\u00edtimo deve ser implantado no pr\u00f3ximo ano (Foto: Carlos Nogueira)<br \/>A jornada acabou com uma visita \u00e0 BTP, um dos principais terminais de cont\u00eaineres do Porto. No local, os deputados ouviram a proposta de empres\u00e1rios portu\u00e1rios para assumirem a dragagem do canal.<\/p>\n<p>\u201cEu e Papa j\u00e1 estamos muito acostumados com o nosso Porto, mas, para os demais, foi muito importante para entender essa realidade. Temos for\u00e7a pol\u00edtica e vamos levar essas situa\u00e7\u00f5es encontradas para o ministro (dos Transportes, Portos e Avia\u00e7\u00e3o Civil, Maur\u00edcio Quintella) e para o presidente Michel Temer, que t\u00eam que ter um olhar de urg\u00eancia para o Porto\u201d, garantiu o deputado Marcelo Squassoni.<\/p>\n<p>\u201cA grande quest\u00e3o mais relevante continua sendo o desafio da entrada de Santos, os novos acessos ao Porto de Santos. Os deputados tiveram uma no\u00e7\u00e3o realista de que essa \u00e9 uma prioridade\u201d, avalia Papa.<\/p>\n<p>Fonte: A Tribuna<\/p>\n","protected":false},"excerpt":{"rendered":"<p>Deputados federais da Comiss\u00e3o de Via\u00e7\u00e3o e Transportes (CVT) da C\u00e2mara Federal vieram a Santos para conferir os principais problemas do Porto de Santos, para&#8230;<\/p>\n","protected":false},"author":1182,"featured_media":19106,"comment_status":"closed","ping_status":"closed","sticky":false,"template":"","format":"standard","meta":{"footnotes":""},"categories":[6],"tags":[],"class_list":["post-23096","post","type-post","status-publish","format-standard","has-post-thumbnail","hentry","category-noticias"],"_links":{"self":[{"href":"https:\/\/www.sincomam.org.br\/index.php\/wp-json\/wp\/v2\/posts\/23096","targetHints":{"allow":["GET"]}}],"collection":[{"href":"https:\/\/www.sincomam.org.br\/index.php\/wp-json\/wp\/v2\/posts"}],"about":[{"href":"https:\/\/www.sincomam.org.br\/index.php\/wp-json\/wp\/v2\/types\/post"}],"author":[{"embeddable":true,"href":"https:\/\/www.sincomam.org.br\/index.php\/wp-json\/wp\/v2\/users\/1182"}],"replies":[{"embeddable":true,"href":"https:\/\/www.sincomam.org.br\/index.php\/wp-json\/wp\/v2\/comments?post=23096"}],"version-history":[{"count":1,"href":"https:\/\/www.sincomam.org.br\/index.php\/wp-json\/wp\/v2\/posts\/23096\/revisions"}],"predecessor-version":[{"id":23097,"href":"https:\/\/www.sincomam.org.br\/index.php\/wp-json\/wp\/v2\/posts\/23096\/revisions\/23097"}],"wp:featuredmedia":[{"embeddable":true,"href":"https:\/\/www.sincomam.org.br\/index.php\/wp-json\/wp\/v2\/media\/19106"}],"wp:attachment":[{"href":"https:\/\/www.sincomam.org.br\/index.php\/wp-json\/wp\/v2\/media?parent=23096"}],"wp:term":[{"taxonomy":"category","embeddable":true,"href":"https:\/\/www.sincomam.org.br\/index.php\/wp-json\/wp\/v2\/categories?post=23096"},{"taxonomy":"post_tag","embeddable":true,"href":"https:\/\/www.sincomam.org.br\/index.php\/wp-json\/wp\/v2\/tags?post=23096"}],"curies":[{"name":"wp","href":"https:\/\/api.w.org\/{rel}","templated":true}]}}