{"id":23092,"date":"2017-04-10T08:51:53","date_gmt":"2017-04-10T11:51:53","guid":{"rendered":"http:\/\/www.sincomam.org.br\/?p=23092"},"modified":"2017-04-10T08:51:53","modified_gmt":"2017-04-10T11:51:53","slug":"decisao-do-stf-obriga-terminais-a-pagarem-iptu","status":"publish","type":"post","link":"https:\/\/www.sincomam.org.br\/index.php\/decisao-do-stf-obriga-terminais-a-pagarem-iptu\/","title":{"rendered":"Decis\u00e3o do STF obriga terminais a pagarem IPTU"},"content":{"rendered":"<p>O Supremo Tribunal Federal (STF) decidiu que a Prefeitura de Santos poder\u00e1 cobrar o Imposto Predial e Territorial Urbano (IPTU) de uma \u00e1rea da Uni\u00e3o arrendada pela Petrobras, na regi\u00e3o portu\u00e1ria da Alemoa. O julgamento ocorreu em repercuss\u00e3o geral \u2013 cujo entendimento final vale para casos semelhantes em outras inst\u00e2ncias \u2013 em plen\u00e1ria por seis votos a tr\u00eas.<\/p>\n<p>A senten\u00e7a, considerada in\u00e9dita, permitir\u00e1 a cobran\u00e7a do IPTU dos demais terminais do Porto de Santos arrendados \u00e0 iniciativa privada, segundo entendimento da Prefeitura, de \u00f3rg\u00e3os federais, especialistas e representantes de empresas do setor.\u00a0<\/p>\n<p>O terreno citado no processo tem 255 mil metros quadrados. Pertence \u00e0 Uni\u00e3o, mas est\u00e1 cedido \u00e0 Companhia Docas do Estado de S\u00e3o Paulo (Codesp) a Autoridade Portu\u00e1ria de Santos, que o arrendou para a Petrobras em 1993. Ali funciona o Terminal Aquavi\u00e1rio de Santos, operado pela Transpetro, subsidi\u00e1ria da petrol\u00edfera. No local h\u00e1 tubovias para movimenta\u00e7\u00e3o de petr\u00f3leo e derivados, \u00e1lcool e biocombust\u00edvel.\u00a0<\/p>\n<p>Desde o dia 2, segundo dados da Codesp, o contrato em vigor para uso da \u00e1rea \u00e9 o de transi\u00e7\u00e3o (v\u00e1lido por 180 dias) e tem valor estabelecido em R$ 8.471.007,00. Trata-se de um acordo tempor\u00e1rio para continuidade das opera\u00e7\u00f5es ao fim do per\u00edodo de concess\u00e3o, at\u00e9 que o local possa ser submetido a um novo arrendamento.\u00a0<\/p>\n<p>Cobran\u00e7a pode abrir o caminho para outras \u00e1reas do Porto (Carlos Nogueira\/A Tribuna)<br \/>Por localizar-se dentro do porto organizado (a \u00e1rea do Porto gerida pelo poder p\u00fablico, no caso a Codesp), o parecer surpreendeu o setor empresarial e a pr\u00f3pria Codesp. Uma decis\u00e3o anterior do STF apontava que empresas instaladas em \u00e1reas concedidas pela Uni\u00e3o, como terminais portu\u00e1rios, n\u00e3o precisavam pagar o imposto municipal relativo ao lote explorado.\u00a0<\/p>\n<p>Fonte: A Tribuna<\/p>\n","protected":false},"excerpt":{"rendered":"<p>O Supremo Tribunal Federal (STF) decidiu que a Prefeitura de Santos poder\u00e1 cobrar o Imposto Predial e Territorial Urbano (IPTU) de uma \u00e1rea da Uni\u00e3o&#8230;<\/p>\n","protected":false},"author":1182,"featured_media":19265,"comment_status":"closed","ping_status":"closed","sticky":false,"template":"","format":"standard","meta":{"footnotes":""},"categories":[6],"tags":[],"class_list":["post-23092","post","type-post","status-publish","format-standard","has-post-thumbnail","hentry","category-noticias"],"_links":{"self":[{"href":"https:\/\/www.sincomam.org.br\/index.php\/wp-json\/wp\/v2\/posts\/23092","targetHints":{"allow":["GET"]}}],"collection":[{"href":"https:\/\/www.sincomam.org.br\/index.php\/wp-json\/wp\/v2\/posts"}],"about":[{"href":"https:\/\/www.sincomam.org.br\/index.php\/wp-json\/wp\/v2\/types\/post"}],"author":[{"embeddable":true,"href":"https:\/\/www.sincomam.org.br\/index.php\/wp-json\/wp\/v2\/users\/1182"}],"replies":[{"embeddable":true,"href":"https:\/\/www.sincomam.org.br\/index.php\/wp-json\/wp\/v2\/comments?post=23092"}],"version-history":[{"count":1,"href":"https:\/\/www.sincomam.org.br\/index.php\/wp-json\/wp\/v2\/posts\/23092\/revisions"}],"predecessor-version":[{"id":23093,"href":"https:\/\/www.sincomam.org.br\/index.php\/wp-json\/wp\/v2\/posts\/23092\/revisions\/23093"}],"wp:featuredmedia":[{"embeddable":true,"href":"https:\/\/www.sincomam.org.br\/index.php\/wp-json\/wp\/v2\/media\/19265"}],"wp:attachment":[{"href":"https:\/\/www.sincomam.org.br\/index.php\/wp-json\/wp\/v2\/media?parent=23092"}],"wp:term":[{"taxonomy":"category","embeddable":true,"href":"https:\/\/www.sincomam.org.br\/index.php\/wp-json\/wp\/v2\/categories?post=23092"},{"taxonomy":"post_tag","embeddable":true,"href":"https:\/\/www.sincomam.org.br\/index.php\/wp-json\/wp\/v2\/tags?post=23092"}],"curies":[{"name":"wp","href":"https:\/\/api.w.org\/{rel}","templated":true}]}}