{"id":23060,"date":"2017-04-05T00:16:12","date_gmt":"2017-04-05T03:16:12","guid":{"rendered":"http:\/\/www.sincomam.org.br\/?p=23060"},"modified":"2017-04-03T08:17:39","modified_gmt":"2017-04-03T11:17:39","slug":"defesa-transportes-e-educacao-tem-maiores-cortes-orcamentarios","status":"publish","type":"post","link":"https:\/\/www.sincomam.org.br\/index.php\/defesa-transportes-e-educacao-tem-maiores-cortes-orcamentarios\/","title":{"rendered":"Defesa, Transportes e Educa\u00e7\u00e3o t\u00eam maiores cortes or\u00e7ament\u00e1rios"},"content":{"rendered":"<p>Os minist\u00e9rios da Defesa, dos Transportes e da Educa\u00e7\u00e3o foram os mais atingidos no corte or\u00e7ament\u00e1rio anunciado nesta semana em termos absolutos.<\/p>\n<p>Dados divulgados na tarde na sexta-feira pelo minist\u00e9rio do Planejamento mostram que a Defesa teve redu\u00e7\u00e3o de R$ 5,7 bilh\u00f5es em seu limite de movimenta\u00e7\u00e3o e empenho. Em Transportes, Portos e Avia\u00e7\u00e3o, o corte de R$ 5,1 bilh\u00f5es.<\/p>\n<p>A Sa\u00fade n\u00e3o foi atingida pelo contingenciamento, mas a Educa\u00e7\u00e3o teve bloqueio de R$ 4,3 bilh\u00f5es, volume maior do que os R$ 4,2 bilh\u00f5es do Minist\u00e9rio das Cidades. Os cortes foram concentrados nas despesas discricion\u00e1rias.<\/p>\n<p>Fonte: Valor<\/p>\n","protected":false},"excerpt":{"rendered":"<p>Os minist\u00e9rios da Defesa, dos Transportes e da Educa\u00e7\u00e3o foram os mais atingidos no corte or\u00e7ament\u00e1rio anunciado nesta semana em termos absolutos. Dados divulgados na&#8230;<\/p>\n","protected":false},"author":1182,"featured_media":18713,"comment_status":"closed","ping_status":"closed","sticky":false,"template":"","format":"standard","meta":{"footnotes":""},"categories":[6],"tags":[],"class_list":["post-23060","post","type-post","status-publish","format-standard","has-post-thumbnail","hentry","category-noticias"],"_links":{"self":[{"href":"https:\/\/www.sincomam.org.br\/index.php\/wp-json\/wp\/v2\/posts\/23060","targetHints":{"allow":["GET"]}}],"collection":[{"href":"https:\/\/www.sincomam.org.br\/index.php\/wp-json\/wp\/v2\/posts"}],"about":[{"href":"https:\/\/www.sincomam.org.br\/index.php\/wp-json\/wp\/v2\/types\/post"}],"author":[{"embeddable":true,"href":"https:\/\/www.sincomam.org.br\/index.php\/wp-json\/wp\/v2\/users\/1182"}],"replies":[{"embeddable":true,"href":"https:\/\/www.sincomam.org.br\/index.php\/wp-json\/wp\/v2\/comments?post=23060"}],"version-history":[{"count":1,"href":"https:\/\/www.sincomam.org.br\/index.php\/wp-json\/wp\/v2\/posts\/23060\/revisions"}],"predecessor-version":[{"id":23061,"href":"https:\/\/www.sincomam.org.br\/index.php\/wp-json\/wp\/v2\/posts\/23060\/revisions\/23061"}],"wp:featuredmedia":[{"embeddable":true,"href":"https:\/\/www.sincomam.org.br\/index.php\/wp-json\/wp\/v2\/media\/18713"}],"wp:attachment":[{"href":"https:\/\/www.sincomam.org.br\/index.php\/wp-json\/wp\/v2\/media?parent=23060"}],"wp:term":[{"taxonomy":"category","embeddable":true,"href":"https:\/\/www.sincomam.org.br\/index.php\/wp-json\/wp\/v2\/categories?post=23060"},{"taxonomy":"post_tag","embeddable":true,"href":"https:\/\/www.sincomam.org.br\/index.php\/wp-json\/wp\/v2\/tags?post=23060"}],"curies":[{"name":"wp","href":"https:\/\/api.w.org\/{rel}","templated":true}]}}