{"id":23051,"date":"2017-04-04T00:10:09","date_gmt":"2017-04-04T03:10:09","guid":{"rendered":"http:\/\/www.sincomam.org.br\/?p=23051"},"modified":"2017-04-03T08:11:36","modified_gmt":"2017-04-03T11:11:36","slug":"moro-da-5-dias-para-pf-explicar-suposto-video-de-lula","status":"publish","type":"post","link":"https:\/\/www.sincomam.org.br\/index.php\/moro-da-5-dias-para-pf-explicar-suposto-video-de-lula\/","title":{"rendered":"Moro d\u00e1 5 dias para PF explicar suposto v\u00eddeo de Lula"},"content":{"rendered":"<p>O juiz federal S\u00e9rgio Moro\u00a0deu cinco dias para que a Pol\u00edcia Federal se manifeste sobre um suposto v\u00eddeo gravado durante a condu\u00e7\u00e3o coercitiva do ex-presidente Luiz In\u00e1cio Lula da Silva em mar\u00e7o do ano passado.\u00a0<\/p>\n<p>A grava\u00e7\u00e3o, segundo a defesa de Lula, ser\u00e1 usada no filme \u201cPol\u00edcia Federal \u2013 A lei \u00e9 para todos\u201d. O longa, da produtora carioca New Group &amp; Raconto e associados, custar\u00e1 R$ 12 milh\u00f5es e ser\u00e1 \u201cum thriller policial pol\u00edtico inspirado em fatos reais\u201d.<\/p>\n<p>Em manifesta\u00e7\u00e3o a Moro, tamb\u00e9m na sexta-feira, os advogados do petista afirmaram que \u201ca condu\u00e7\u00e3o coercitiva em desfavor do peticion\u00e1rio (Lula) \u2013 medida autorizada por este Ju\u00edzo e executada no dia 4 de mar\u00e7o de 2016 \u2013 constituir\u00e1 a principal cena do filme\u201d. Para a defesa, o uso do suposto v\u00eddeo tem como objetivo \u201cmacular\u201d a imagem de Lula \u201cperante a sociedade\u201d.<\/p>\n<p>\u201cOcorre que para a grava\u00e7\u00e3o da cena os produtores tiveram acesso integral a uma suposta filmagem realizada pela Pol\u00edcia Federal no dia da medida que privou a liberdade do peticion\u00e1rio por cerca de cinco horas\u201d, alegaram os advogados.<\/p>\n<p>A defesa pediu a Moro que determinasse \u00e0 produ\u00e7\u00e3o do filme que se abstivesse de usar a grava\u00e7\u00e3o e que fosse apurado \u201ca responsabilidade criminal dos agentes policiais\u201d.<\/p>\n<p>Ao analisar o pedido da defesa de Lula, o juiz da Lava Jato afirmou que \u201cn\u00e3o cabe a este Ju\u00edzo impor censura a ve\u00edculos de comunica\u00e7\u00e3o ou mesmo \u00e0 produ\u00e7\u00e3o de algum filme\u201d.<\/p>\n<p>\u201cN\u00e3o s\u00e3o eles sequer partes deste processo\u201d, anotou. \u201cN\u00e3o consta que qualquer grava\u00e7\u00e3o efetuada durante a dilig\u00eancia de condu\u00e7\u00e3o coercitiva tenha sido disponibilizado \u00e0 produ\u00e7\u00e3o do filme ou a qualquer ve\u00edculo de imprensa. Se o \u00faltimo fato tivesse ocorrido, ali\u00e1s, provavelmente tais imagens j\u00e1 teriam sido publicizadas.\u201d<\/p>\n<p>Moro determinou: \u201cAntes de qualquer provid\u00eancia, intime-se a autoridade policial respons\u00e1vel pelo caso para prestar oportunos esclarecimentos e se manifestar sobre a peti\u00e7\u00e3o (da defesa de Lula).\u201d<\/p>\n","protected":false},"excerpt":{"rendered":"<p>O juiz federal S\u00e9rgio Moro\u00a0deu cinco dias para que a Pol\u00edcia Federal se manifeste sobre um suposto v\u00eddeo gravado durante a condu\u00e7\u00e3o coercitiva do ex-presidente&#8230;<\/p>\n","protected":false},"author":1182,"featured_media":18583,"comment_status":"closed","ping_status":"closed","sticky":false,"template":"","format":"standard","meta":{"footnotes":""},"categories":[6],"tags":[],"class_list":["post-23051","post","type-post","status-publish","format-standard","has-post-thumbnail","hentry","category-noticias"],"_links":{"self":[{"href":"https:\/\/www.sincomam.org.br\/index.php\/wp-json\/wp\/v2\/posts\/23051","targetHints":{"allow":["GET"]}}],"collection":[{"href":"https:\/\/www.sincomam.org.br\/index.php\/wp-json\/wp\/v2\/posts"}],"about":[{"href":"https:\/\/www.sincomam.org.br\/index.php\/wp-json\/wp\/v2\/types\/post"}],"author":[{"embeddable":true,"href":"https:\/\/www.sincomam.org.br\/index.php\/wp-json\/wp\/v2\/users\/1182"}],"replies":[{"embeddable":true,"href":"https:\/\/www.sincomam.org.br\/index.php\/wp-json\/wp\/v2\/comments?post=23051"}],"version-history":[{"count":1,"href":"https:\/\/www.sincomam.org.br\/index.php\/wp-json\/wp\/v2\/posts\/23051\/revisions"}],"predecessor-version":[{"id":23052,"href":"https:\/\/www.sincomam.org.br\/index.php\/wp-json\/wp\/v2\/posts\/23051\/revisions\/23052"}],"wp:featuredmedia":[{"embeddable":true,"href":"https:\/\/www.sincomam.org.br\/index.php\/wp-json\/wp\/v2\/media\/18583"}],"wp:attachment":[{"href":"https:\/\/www.sincomam.org.br\/index.php\/wp-json\/wp\/v2\/media?parent=23051"}],"wp:term":[{"taxonomy":"category","embeddable":true,"href":"https:\/\/www.sincomam.org.br\/index.php\/wp-json\/wp\/v2\/categories?post=23051"},{"taxonomy":"post_tag","embeddable":true,"href":"https:\/\/www.sincomam.org.br\/index.php\/wp-json\/wp\/v2\/tags?post=23051"}],"curies":[{"name":"wp","href":"https:\/\/api.w.org\/{rel}","templated":true}]}}