{"id":23049,"date":"2017-04-04T00:08:36","date_gmt":"2017-04-04T03:08:36","guid":{"rendered":"http:\/\/www.sincomam.org.br\/?p=23049"},"modified":"2017-04-03T08:10:00","modified_gmt":"2017-04-03T11:10:00","slug":"em-plena-crise-no-pais-para-vive-ufanismo","status":"publish","type":"post","link":"https:\/\/www.sincomam.org.br\/index.php\/em-plena-crise-no-pais-para-vive-ufanismo\/","title":{"rendered":"Em plena crise no pa\u00eds, Par\u00e1 vive &#8216;ufanismo&#8217;"},"content":{"rendered":"<p>Em meio \u00e0 maior recess\u00e3o da hist\u00f3ria do pa\u00eds, o Par\u00e1 apresenta uma combina\u00e7\u00e3o rara para o momento: atividade econ\u00f4mica em crescimento e contas p\u00fablicas relativamente em ordem. O Estado tem sido beneficiado pela alta da cota\u00e7\u00e3o internacional do min\u00e9rio de ferro e por grandes investimentos da ind\u00fastria extrativa e em infraestrutura.<\/p>\n<p>O Par\u00e1 vive uma fase de &#8220;ufanismo econ\u00f4mico&#8221;, define Eduardo Costa, presidente da Funda\u00e7\u00e3o Amaz\u00f4nia de Amparo a Estudos e Pesquisas (Fapespa). Um ajuste fiscal promovido pelo governador Sim\u00e3o Jatene (PSDB), em 2015, fez com que as contas p\u00fablicas se mantivessem equilibradas.<\/p>\n<p>A estrutura econ\u00f4mica que permitiu esse crescimento, entretanto, tem deixado parte da popula\u00e7\u00e3o \u00e0 margem da melhora. &#8220;\u00c9 um modelo extremamente perverso&#8221;, diz Costa, para quem o desenvolvimento do Estado vem gerando &#8220;um paradoxo entre pobreza e crescimento&#8221;. A raiz tanto da for\u00e7a econ\u00f4mica quanto desse desequil\u00edbrio est\u00e1 na exporta\u00e7\u00e3o de min\u00e9rio de ferro, isenta de ICMS. &#8220;A nossa base econ\u00f4mica \u00e9 pouco tribut\u00e1vel&#8221;, afirma Costa. A estimativa da Fapespa \u00e9 que nos \u00faltimos 20 anos o Estado tenha perdido R$ 44,1 bilh\u00f5es por causa da Lei Kandir, que desonera do ICMS as exporta\u00e7\u00f5es de bens prim\u00e1rios e semielaborados.<\/p>\n<p>Ao mesmo tempo, os investimentos realizados nos \u00faltimos anos t\u00eam atra\u00eddo grande n\u00famero de migrantes, que acabam sem emprego e desassistidos. Das cem cidades com pior \u00cdndice de Desenvolvimento Humano (IDH) do Brasil, 41 est\u00e3o no Par\u00e1.<\/p>\n<p>Fonte: Valor<\/p>\n","protected":false},"excerpt":{"rendered":"<p>Em meio \u00e0 maior recess\u00e3o da hist\u00f3ria do pa\u00eds, o Par\u00e1 apresenta uma combina\u00e7\u00e3o rara para o momento: atividade econ\u00f4mica em crescimento e contas p\u00fablicas&#8230;<\/p>\n","protected":false},"author":1182,"featured_media":18164,"comment_status":"closed","ping_status":"closed","sticky":false,"template":"","format":"standard","meta":{"footnotes":""},"categories":[6],"tags":[],"class_list":["post-23049","post","type-post","status-publish","format-standard","has-post-thumbnail","hentry","category-noticias"],"_links":{"self":[{"href":"https:\/\/www.sincomam.org.br\/index.php\/wp-json\/wp\/v2\/posts\/23049","targetHints":{"allow":["GET"]}}],"collection":[{"href":"https:\/\/www.sincomam.org.br\/index.php\/wp-json\/wp\/v2\/posts"}],"about":[{"href":"https:\/\/www.sincomam.org.br\/index.php\/wp-json\/wp\/v2\/types\/post"}],"author":[{"embeddable":true,"href":"https:\/\/www.sincomam.org.br\/index.php\/wp-json\/wp\/v2\/users\/1182"}],"replies":[{"embeddable":true,"href":"https:\/\/www.sincomam.org.br\/index.php\/wp-json\/wp\/v2\/comments?post=23049"}],"version-history":[{"count":1,"href":"https:\/\/www.sincomam.org.br\/index.php\/wp-json\/wp\/v2\/posts\/23049\/revisions"}],"predecessor-version":[{"id":23050,"href":"https:\/\/www.sincomam.org.br\/index.php\/wp-json\/wp\/v2\/posts\/23049\/revisions\/23050"}],"wp:featuredmedia":[{"embeddable":true,"href":"https:\/\/www.sincomam.org.br\/index.php\/wp-json\/wp\/v2\/media\/18164"}],"wp:attachment":[{"href":"https:\/\/www.sincomam.org.br\/index.php\/wp-json\/wp\/v2\/media?parent=23049"}],"wp:term":[{"taxonomy":"category","embeddable":true,"href":"https:\/\/www.sincomam.org.br\/index.php\/wp-json\/wp\/v2\/categories?post=23049"},{"taxonomy":"post_tag","embeddable":true,"href":"https:\/\/www.sincomam.org.br\/index.php\/wp-json\/wp\/v2\/tags?post=23049"}],"curies":[{"name":"wp","href":"https:\/\/api.w.org\/{rel}","templated":true}]}}