{"id":23047,"date":"2017-04-04T00:07:06","date_gmt":"2017-04-04T03:07:06","guid":{"rendered":"http:\/\/www.sincomam.org.br\/?p=23047"},"modified":"2017-04-03T08:08:26","modified_gmt":"2017-04-03T11:08:26","slug":"gestao-doria-quer-recursos-privados-para-criar-vagas-em-creches","status":"publish","type":"post","link":"https:\/\/www.sincomam.org.br\/index.php\/gestao-doria-quer-recursos-privados-para-criar-vagas-em-creches\/","title":{"rendered":"Gest\u00e3o Doria quer recursos privados para criar vagas em creches"},"content":{"rendered":"<p>A prefeitura de Sao Paulo\u00a0lan\u00e7ou uma campanha de mobiliza\u00e7\u00e3o para arrecadar recursos privados para a cria\u00e7\u00e3o de vagas em creches.<\/p>\n<p>A meta inicial do Programa Nossa Creche, segundo a prefeitura, \u00e9 zerar a atual fila de 65,5 mil crian\u00e7as at\u00e9 mar\u00e7o do ano que vem.<\/p>\n<p>O munic\u00edpio pretende ainda ampliar em 30% as vagas nas creches, alcan\u00e7ando 60% das crian\u00e7as de at\u00e9 3 anos at\u00e9 2020, de acordo com o secret\u00e1rio municipal de Educa\u00e7\u00e3o, Alexandre Schneider.<\/p>\n<p>O ministro da Educa\u00e7\u00e3o Mendon\u00e7a Filho esteve no evento de lan\u00e7amento do programa, que ocorreu no Theatro Municipal, centro da cidade.<\/p>\n<p>Segundo ele, a cria\u00e7\u00e3o de vagas em creches \u00e9 um assunto que interessa a todo o pa\u00eds e que a iniciativa da administra\u00e7\u00e3o paulistana vai repercutir em outros locais.<\/p>\n<p>\u201cOs traumas da inf\u00e2ncia ou os est\u00edmulos positivos s\u00e3o carregados ao longo de toda a exist\u00eancia de uma crian\u00e7a, como adolescente, como adulto\u201d, disse. \u201cO cuidado dedicado pela prefeitura da cidade de S\u00e3o Paulo \u00e0s crian\u00e7as \u00e9 algo muito importante\u201d.<\/p>\n<p>O prefeito Jo\u00e3o Doria discursou, exaltando a import\u00e2ncia da educa\u00e7\u00e3o para o pa\u00eds. \u201cUm pa\u00eds que n\u00e3o aposta em educa\u00e7\u00e3o, que n\u00e3o investe em educa\u00e7\u00e3o, jamais ser\u00e1 uma grande na\u00e7\u00e3o\u201d, disse.<\/p>\n<p>Doria se dirigiu aos poss\u00edveis doadores de recursos para o programa. \u201cQueria realmente pedir o apoio dos que aqui est\u00e3o e dos que n\u00e3o puderam estar. Este \u00e9 um movimento que come\u00e7a hoje e vale durante um ano, at\u00e9 mar\u00e7o do ano que vem. \u00c9 o nosso compromisso para zerar esse d\u00e9ficit de 65,5 mil vagas de creches\u201d. As doa\u00e7\u00f5es podem ser feitas por pessoas f\u00edsicas ou jur\u00eddicas.<\/p>\n<p>Segundo o prefeito, houve a doa\u00e7\u00e3o de seis im\u00f3veis de ag\u00eancia banc\u00e1rias desativadas, que foram fiscalizados pela secretaria da Educa\u00e7\u00e3o e considerados adequados.<\/p>\n<p>Para continuar gerando vagas em creches, Doria disse que \u00e9 preciso aumentar os recursos em educa\u00e7\u00e3o \u201cPara o ano que vem, n\u00f3s vamos ter um or\u00e7amento mais robusto para a educa\u00e7\u00e3o, exatamente para permitir que, ao zerar esse d\u00e9ficit, n\u00e3o tenhamos mais problemas no futuro\u201d.<\/p>\n<p>Fonte; Exame<\/p>\n","protected":false},"excerpt":{"rendered":"<p>A prefeitura de Sao Paulo\u00a0lan\u00e7ou uma campanha de mobiliza\u00e7\u00e3o para arrecadar recursos privados para a cria\u00e7\u00e3o de vagas em creches. A meta inicial do Programa&#8230;<\/p>\n","protected":false},"author":1182,"featured_media":22201,"comment_status":"closed","ping_status":"closed","sticky":false,"template":"","format":"standard","meta":{"footnotes":""},"categories":[6],"tags":[],"class_list":["post-23047","post","type-post","status-publish","format-standard","has-post-thumbnail","hentry","category-noticias"],"_links":{"self":[{"href":"https:\/\/www.sincomam.org.br\/index.php\/wp-json\/wp\/v2\/posts\/23047","targetHints":{"allow":["GET"]}}],"collection":[{"href":"https:\/\/www.sincomam.org.br\/index.php\/wp-json\/wp\/v2\/posts"}],"about":[{"href":"https:\/\/www.sincomam.org.br\/index.php\/wp-json\/wp\/v2\/types\/post"}],"author":[{"embeddable":true,"href":"https:\/\/www.sincomam.org.br\/index.php\/wp-json\/wp\/v2\/users\/1182"}],"replies":[{"embeddable":true,"href":"https:\/\/www.sincomam.org.br\/index.php\/wp-json\/wp\/v2\/comments?post=23047"}],"version-history":[{"count":1,"href":"https:\/\/www.sincomam.org.br\/index.php\/wp-json\/wp\/v2\/posts\/23047\/revisions"}],"predecessor-version":[{"id":23048,"href":"https:\/\/www.sincomam.org.br\/index.php\/wp-json\/wp\/v2\/posts\/23047\/revisions\/23048"}],"wp:featuredmedia":[{"embeddable":true,"href":"https:\/\/www.sincomam.org.br\/index.php\/wp-json\/wp\/v2\/media\/22201"}],"wp:attachment":[{"href":"https:\/\/www.sincomam.org.br\/index.php\/wp-json\/wp\/v2\/media?parent=23047"}],"wp:term":[{"taxonomy":"category","embeddable":true,"href":"https:\/\/www.sincomam.org.br\/index.php\/wp-json\/wp\/v2\/categories?post=23047"},{"taxonomy":"post_tag","embeddable":true,"href":"https:\/\/www.sincomam.org.br\/index.php\/wp-json\/wp\/v2\/tags?post=23047"}],"curies":[{"name":"wp","href":"https:\/\/api.w.org\/{rel}","templated":true}]}}