{"id":23043,"date":"2017-04-03T08:05:36","date_gmt":"2017-04-03T11:05:36","guid":{"rendered":"http:\/\/www.sincomam.org.br\/?p=23043"},"modified":"2017-04-03T08:05:36","modified_gmt":"2017-04-03T11:05:36","slug":"total-de-desempregados-mais-que-dobrou-em-3-anos-calcula-ibge","status":"publish","type":"post","link":"https:\/\/www.sincomam.org.br\/index.php\/total-de-desempregados-mais-que-dobrou-em-3-anos-calcula-ibge\/","title":{"rendered":"Total de desempregados mais que dobrou em 3 anos, calcula IBGE"},"content":{"rendered":"<p>O total de desempregados\u00a0no Pa\u00eds mais que dobrou em tr\u00eas anos. H\u00e1 quase 7 milh\u00f5es a mais de pessoas em busca de uma vaga.<\/p>\n<p>Antes da crise, em fevereiro de 2014, havia 6,623 milh\u00f5es de desocupados, contingente que subiu para 13,457 milh\u00f5es em fevereiro de 2017, o equivalente a 6,924 milh\u00f5es de desempregados a mais, segundo dados da Pesquisa Nacional por Amostra de Domic\u00edlios Cont\u00ednua (Pnad Cont\u00ednua), iniciada em 2012 pelo Instituto Brasileiro de Geografia e Estat\u00edstica (IBGE).<\/p>\n<p>\u201cQuando voc\u00ea dispensa uma pessoa, voc\u00ea est\u00e1 levando ela e mais algu\u00e9m da fam\u00edlia junto para a fila da desocupa\u00e7\u00e3o\u201d, contou Cimar Azeredo, coordenador de Trabalho e Rendimento do IBGE.<\/p>\n<p>Ap\u00f3s meses de demiss\u00f5es, a popula\u00e7\u00e3o ocupada voltou ao patamar do in\u00edcio de 2012, acrescentou Azeredo. O total de ocupados no Pa\u00eds ficou em 89,346 milh\u00f5es em fevereiro de 2017, n\u00edvel semelhante ao de maio de 2012, quando era de 89,286 milh\u00f5es de trabalhadores.<\/p>\n<p>\u201cA queda de ocupa\u00e7\u00e3o \u00e9 alta ainda, \u00e9 bastante consistente essa perda de postos de trabalho\u201d, disse ele.<\/p>\n<p>No entanto, o coordenador do IBGE ressalta que as taxas de aumento no n\u00famero de desempregados e de redu\u00e7\u00e3o no total de ocupados v\u00eam perdendo for\u00e7a, as varia\u00e7\u00f5es est\u00e3o diminuindo.<\/p>\n<p>Em fevereiro de 2017, o total de desempregados cresceu 30,6% ante um ano antes. Em fevereiro de 2016, esse aumento tinha sido de 40,1% na mesma compara\u00e7\u00e3o.<\/p>\n<p>Quanto aos ocupados, a redu\u00e7\u00e3o em fevereiro deste ano foi de 2,0% em rela\u00e7\u00e3o a um ano antes, mas em outubro do ano passado ca\u00eda 2,6%.<\/p>\n<p>\u201cO mercado de trabalho continua apresentando cen\u00e1rio desfavor\u00e1vel, mas o aumento na desocupa\u00e7\u00e3o ocorre de forma menos acelerada que em per\u00edodos anteriores\u201d, resumiu Azeredo.<\/p>\n<p><strong>Ind\u00fastria<\/strong><\/p>\n<p>A crise fechou quase dois milh\u00f5es de postos de trabalho na ind\u00fastria, segundo Cimar Azeredo. Antes da crise, em fevereiro de 2014, havia 13,046 milh\u00f5es de pessoas ocupadas na ind\u00fastria.<\/p>\n<p>Esse contingente aumentou para 13,2 milh\u00f5es em fevereiro de 2015. No entanto, em fevereiro de 2017, recuou para 11,317 milh\u00f5es de trabalhadores.<\/p>\n<p>\u201cA ind\u00fastria foi o grupamento, sem d\u00favida, que mais sentiu a crise. Todos sentiram, mas a ind\u00fastria mais, por ser um grupamento mais organizado, por ter participa\u00e7\u00e3o importante de estados como S\u00e3o Paulo, Minas gerais, estados do sul do Pa\u00eds\u201d, argumentou Azeredo.<\/p>\n<p>O pesquisador lembrou ainda que as demiss\u00f5es mencionadas foram apenas de empregos diretos. Se contabilizada toda a cadeia movimentada pela ind\u00fastria mais os trabalhadores terceirizados que atuam no setor, o estrago no mercado de trabalho \u00e9 muito maior.<\/p>\n<p>\u201cA gente contou aqui os postos de trabalho que a ind\u00fastria perdeu diretamente. Mas tem outros setores afetados, o pessoal que trabalha em seguran\u00e7a, na limpeza. Esse pessoal tamb\u00e9m foi dispensado\u201d, apontou Azeredo.<\/p>\n<p><strong>Constru\u00e7\u00e3o<\/strong><\/p>\n<p>A constru\u00e7\u00e3o tamb\u00e9m perdeu milh\u00f5es de vagas. Em fevereiro de 2014, havia 8 milh\u00f5es de trabalhadores no setor. O contingente estava em 7,6 milh\u00f5es em fevereiro de 2016, por conta das obras motivadas pelos megaeventos esportivos no Pa\u00eds, que seguraram a ocupa\u00e7\u00e3o no setor, disse Azeredo. No entanto, em fevereiro de 2017, a constru\u00e7\u00e3o empregava 6,9 milh\u00f5es de pessoas, o menor patamar da s\u00e9rie hist\u00f3rica.<\/p>\n<p>\u201cHoje temos o menor contingente de pessoas trabalhando na constru\u00e7\u00e3o no Brasil em seis anos\u201d, constatou Azeredo.<\/p>\n<p><strong>Carteira assinada<\/strong><\/p>\n<p>As demiss\u00f5es em setores importantes afetou tamb\u00e9m a formaliza\u00e7\u00e3o do mercado de trabalho. O pico de trabalhadores com carteira assinada foi alcan\u00e7ado em junho de 2014, quando Pa\u00eds contava com 36,9 milh\u00f5es de trabalhadores formais. Em fevereiro de 2017 esse contingente caiu para 33,7 milh\u00f5es.<\/p>\n<p>\u201cA perda na carteira assinada \u00e9 forte e de lenta de recupera\u00e7\u00e3o. O retorno desse processo tende a ser mais complicado, de reconstituir aquele posto de trabalho formal\u201d, alertou o coordenador do IBGE.<\/p>\n","protected":false},"excerpt":{"rendered":"<p>O total de desempregados\u00a0no Pa\u00eds mais que dobrou em tr\u00eas anos. H\u00e1 quase 7 milh\u00f5es a mais de pessoas em busca de uma vaga. Antes&#8230;<\/p>\n","protected":false},"author":1182,"featured_media":17971,"comment_status":"closed","ping_status":"closed","sticky":false,"template":"","format":"standard","meta":{"footnotes":""},"categories":[6],"tags":[],"class_list":["post-23043","post","type-post","status-publish","format-standard","has-post-thumbnail","hentry","category-noticias"],"_links":{"self":[{"href":"https:\/\/www.sincomam.org.br\/index.php\/wp-json\/wp\/v2\/posts\/23043","targetHints":{"allow":["GET"]}}],"collection":[{"href":"https:\/\/www.sincomam.org.br\/index.php\/wp-json\/wp\/v2\/posts"}],"about":[{"href":"https:\/\/www.sincomam.org.br\/index.php\/wp-json\/wp\/v2\/types\/post"}],"author":[{"embeddable":true,"href":"https:\/\/www.sincomam.org.br\/index.php\/wp-json\/wp\/v2\/users\/1182"}],"replies":[{"embeddable":true,"href":"https:\/\/www.sincomam.org.br\/index.php\/wp-json\/wp\/v2\/comments?post=23043"}],"version-history":[{"count":1,"href":"https:\/\/www.sincomam.org.br\/index.php\/wp-json\/wp\/v2\/posts\/23043\/revisions"}],"predecessor-version":[{"id":23044,"href":"https:\/\/www.sincomam.org.br\/index.php\/wp-json\/wp\/v2\/posts\/23043\/revisions\/23044"}],"wp:featuredmedia":[{"embeddable":true,"href":"https:\/\/www.sincomam.org.br\/index.php\/wp-json\/wp\/v2\/media\/17971"}],"wp:attachment":[{"href":"https:\/\/www.sincomam.org.br\/index.php\/wp-json\/wp\/v2\/media?parent=23043"}],"wp:term":[{"taxonomy":"category","embeddable":true,"href":"https:\/\/www.sincomam.org.br\/index.php\/wp-json\/wp\/v2\/categories?post=23043"},{"taxonomy":"post_tag","embeddable":true,"href":"https:\/\/www.sincomam.org.br\/index.php\/wp-json\/wp\/v2\/tags?post=23043"}],"curies":[{"name":"wp","href":"https:\/\/api.w.org\/{rel}","templated":true}]}}