{"id":23035,"date":"2017-04-03T07:59:06","date_gmt":"2017-04-03T10:59:06","guid":{"rendered":"http:\/\/www.sincomam.org.br\/?p=23035"},"modified":"2017-04-03T07:59:06","modified_gmt":"2017-04-03T10:59:06","slug":"porto-de-itajai-registrou-queda-de-53-do-fluxo-de-caminhoes-durante-greve","status":"publish","type":"post","link":"https:\/\/www.sincomam.org.br\/index.php\/porto-de-itajai-registrou-queda-de-53-do-fluxo-de-caminhoes-durante-greve\/","title":{"rendered":"Porto de Itaja\u00ed registrou queda de 53% do fluxo de caminh\u00f5es durante greve"},"content":{"rendered":"<p>A empresa operadora do Porto de Itaja\u00ed, APM Terminals, informou que durante os \u00faltimos 10 dias o fluxo di\u00e1rio de entrada e sa\u00edda de caminh\u00f5es foi 53% menor. De acordo com a operadora, esse \u00e9 um dos reflexos da greve dos caminhoneiros, encerrada na noite de quinta-feira (29), ap\u00f3s um total de mais de dez dias parados.<\/p>\n<p>Conforme a APM, essa redu\u00e7\u00e3o foi contabilizada nos \u00faltimos 10 dias, em compara\u00e7\u00e3o com a m\u00e9dia di\u00e1ria do porto. De acordo com a assessoria de imprensa do Complexo Portu\u00e1rio de Itaja\u00ed, na manh\u00e3 desta quinta-feira (30) os caminh\u00f5es operavam normalmente no local.\u00a0<\/p>\n<p>Segundo informa\u00e7\u00f5es do Sindicato dos Transportadores Aut\u00f4nomos de Containeres e de Cargas em Geral de Itaja\u00ed e Regi\u00e3o (Sintracon) \u00e0 prefeitura de Itaja\u00ed,\u00a01,2 mil\u00a0transportadores aut\u00f4nomos aderiram\u00a0\u00e0 paralisa\u00e7\u00e3o em Itaja\u00ed, Navegantes, Itapo\u00e1 e Imbituba desde o dia 3 de mar\u00e7o.<\/p>\n<p>Nesta quinta, conforme a prefeitura de Itaja\u00ed, ser\u00e1 realizada uma reuni\u00e3o com os transportadores para discutir quest\u00f5es relacionadas ao setor log\u00edstico, entre elas, compensa\u00e7\u00e3o dos dias paradoos. Com isso, a prefeitura criar\u00e1 um f\u00f3rum permanente chamado C\u00e2mara Setorial dos Transportes.<\/p>\n<p>Segundo a assessoria do Sindicato das Empresas de Ve\u00edculos de Carga de Itaja\u00ed (Seve\u00edculos), n\u00e3o est\u00e1 prevista nenhuma medida compensat\u00f3ria.<\/p>\n<p><strong>Al\u00edvio no setor de carnes<\/strong><\/p>\n<p>O diretor-executivo do Sindicarne e presidente\u00a0 da Associa\u00e7\u00e3o Catarinense de Avicultura (Acav), Ricardo de Gouv\u00eaa, esteve na reuni\u00e3o de negocia\u00e7\u00e3o com os caminhoneiros. Segundo ele, foi um &#8220;al\u00edvio&#8221; a retomada dos transportadores aut\u00f4nomos.<\/p>\n<p>&#8220;A grosso modo digo que houve preju\u00edzo. Entretanto, a escolta da pol\u00edcia n\u00e3o deixou acumular tanto produto. Nosso objetivo maior era colocar os cont\u00eaineres dentro do porto&#8221;, disse Gouv\u00eaa.<\/p>\n<p><strong>Negocia\u00e7\u00e3o<\/strong><\/p>\n<p>O acordo para o fim da greve foi assinado entre os sindicatos dos motoristas e das empresas, al\u00e9m de outras entidades, na noite desta quarta-feira (29). Os caminhoneiros voltam ao trabalho na manh\u00e3 desta quinta (30), confirmou o Sindicato dos Transportadores Aut\u00f4nomos de Containeres e de Cargas em Geral de Itaja\u00ed e Regi\u00e3o (Sintracon).<\/p>\n<p>Pelo acordo, haver\u00e1 reajuste imediato de 15% nos fretes lineares, feitos dentro dos portos, e, a partir de abril, 15% nos intermunicipais e interestaduais. Douglas da Costa Verbinenn, do Sintracon, afirmou que foi feita assembleia com os caminhoneiros e que haver\u00e1 nova conversa com o sindicato patronal em alguns meses sobre o pre\u00e7o dos fretes.<\/p>\n<p>Inicialmente, o Sintracon afirmava que os motoristas aut\u00f4nomos queriam um reajuste de 30% no valor dos fretes.<\/p>\n<p>Fonte: G1<\/p>\n","protected":false},"excerpt":{"rendered":"<p>A empresa operadora do Porto de Itaja\u00ed, APM Terminals, informou que durante os \u00faltimos 10 dias o fluxo di\u00e1rio de entrada e sa\u00edda de caminh\u00f5es&#8230;<\/p>\n","protected":false},"author":1182,"featured_media":17907,"comment_status":"closed","ping_status":"closed","sticky":false,"template":"","format":"standard","meta":{"footnotes":""},"categories":[6],"tags":[],"class_list":["post-23035","post","type-post","status-publish","format-standard","has-post-thumbnail","hentry","category-noticias"],"_links":{"self":[{"href":"https:\/\/www.sincomam.org.br\/index.php\/wp-json\/wp\/v2\/posts\/23035","targetHints":{"allow":["GET"]}}],"collection":[{"href":"https:\/\/www.sincomam.org.br\/index.php\/wp-json\/wp\/v2\/posts"}],"about":[{"href":"https:\/\/www.sincomam.org.br\/index.php\/wp-json\/wp\/v2\/types\/post"}],"author":[{"embeddable":true,"href":"https:\/\/www.sincomam.org.br\/index.php\/wp-json\/wp\/v2\/users\/1182"}],"replies":[{"embeddable":true,"href":"https:\/\/www.sincomam.org.br\/index.php\/wp-json\/wp\/v2\/comments?post=23035"}],"version-history":[{"count":1,"href":"https:\/\/www.sincomam.org.br\/index.php\/wp-json\/wp\/v2\/posts\/23035\/revisions"}],"predecessor-version":[{"id":23036,"href":"https:\/\/www.sincomam.org.br\/index.php\/wp-json\/wp\/v2\/posts\/23035\/revisions\/23036"}],"wp:featuredmedia":[{"embeddable":true,"href":"https:\/\/www.sincomam.org.br\/index.php\/wp-json\/wp\/v2\/media\/17907"}],"wp:attachment":[{"href":"https:\/\/www.sincomam.org.br\/index.php\/wp-json\/wp\/v2\/media?parent=23035"}],"wp:term":[{"taxonomy":"category","embeddable":true,"href":"https:\/\/www.sincomam.org.br\/index.php\/wp-json\/wp\/v2\/categories?post=23035"},{"taxonomy":"post_tag","embeddable":true,"href":"https:\/\/www.sincomam.org.br\/index.php\/wp-json\/wp\/v2\/tags?post=23035"}],"curies":[{"name":"wp","href":"https:\/\/api.w.org\/{rel}","templated":true}]}}