{"id":23021,"date":"2017-03-30T09:37:26","date_gmt":"2017-03-30T12:37:26","guid":{"rendered":"http:\/\/www.sincomam.org.br\/?p=23021"},"modified":"2017-03-30T09:37:26","modified_gmt":"2017-03-30T12:37:26","slug":"presidente-da-abimaq-considera-burra-a-reducao-do-conteudo-local","status":"publish","type":"post","link":"https:\/\/www.sincomam.org.br\/index.php\/presidente-da-abimaq-considera-burra-a-reducao-do-conteudo-local\/","title":{"rendered":"Presidente da Abimaq considera &#8216;burra&#8217; a redu\u00e7\u00e3o do conte\u00fado local"},"content":{"rendered":"<p>Conforme noticiado, entidades de empres\u00e1rios e trabalhadores v\u00eam alertando para o risco de esvaziamento da ind\u00fastria nacional no setor petr\u00f3leo e g\u00e1s, como reflexo da diminui\u00e7\u00e3o do conte\u00fado local, decidido pelo governo federal em 22 de fevereiro. O governo reduziu para 50%, quando esteve em torno dos 60%.<\/p>\n<p>Tal mudan\u00e7a passa a valer nos leil\u00f5es de petr\u00f3leo realizados pela Ag\u00eancia Nacional de Petr\u00f3leo, G\u00e1s Natural e Biocombust\u00edveis (ANP). A 14\u00aa Rodada de Licita\u00e7\u00e3o de Petr\u00f3leo e G\u00e1s Natural est\u00e1 prevista para novembro.<\/p>\n<p>Em entrevista \u00e0 Carta Capital, em 22 de mar\u00e7o, o empres\u00e1rio Jo\u00e3o Carlos Marchesan analisou diversos aspectos da presente Crise econ\u00f4mica por que passa o pa\u00eds; mostrou-se bastante preocupado com o rumo adotado pelo governo federal para tirar o pa\u00eds desta condi\u00e7\u00e3o e implementar o crescimento econ\u00f4mico. Marchesan considerou &#8220;burra&#8221; a redu\u00e7\u00e3o do #conte\u00fado local de bens e servi\u00e7os nas atividades do setor petr\u00f3leo e g\u00e1s. A Petrobras \u00e9 a maior contratante destes servi\u00e7os. A decis\u00e3o do governo abrir\u00e1 mais espa\u00e7o para que empresas estrangeiras fa\u00e7am suas escolhas em seus pa\u00edses de origem, n\u00e3o aqui.<\/p>\n<p>Quanto \u00e0 redu\u00e7\u00e3o do conte\u00fado local, o empres\u00e1rio foi contundente: &#8220;A decis\u00e3o \u00e9 burra em rela\u00e7\u00e3o \u00e0 ind\u00fastria brasileira, mas atende perfeitamente aos interesses das grandes companhias mundiais de petr\u00f3leo. Elas fizeram forte press\u00e3o sobre o governo e agora participar\u00e3o, ao lado da Petrobras, dos pr\u00f3ximos leil\u00f5es de blocos explorat\u00f3rios de \u00f3leo e g\u00e1s e poder\u00e3o trazer de qualquer pa\u00eds equipamentos isentos, enquanto os fabricantes locais s\u00e3o tributados&#8221;.<\/p>\n<p>Ele apontou setores da ind\u00fastria brasileira que est\u00e1 sentindo muito a atual crise, como o cimento, reduzido em 50%; a siderurgia, em -50%; a fabrica\u00e7\u00e3o de caminh\u00f5es, -80%; e bens de capital com retra\u00e7\u00e3o de 50%. Ele defende a redu\u00e7\u00e3o spread dos bancos para promover a redu\u00e7\u00e3o do custo do dinheiro, mas os banqueiros relutam em fun\u00e7\u00e3o da crise.<\/p>\n<p>O presidente da Abimaq disse que esteve recentemente em Bras\u00edlia, visitou praticamente todos os minist\u00e9rios e autoridades. A impress\u00e3o que teve \u00e9 que no governo &#8220;n\u00e3o tem nenhuma no\u00e7\u00e3o&#8221; dos riscos que corre a ind\u00fastria nacional. &#8220;Vi claramente que a percep\u00e7\u00e3o desse risco n\u00e3o passa pela cabe\u00e7a dos governantes. A \u00fanica coisa que eles t\u00eam em mente \u00e9 ajuste, ajuste, ajuste. Acho importante, mas a diferen\u00e7a entre o rem\u00e9dio e o veneno \u00e9 a dose. E o governo errou na dose&#8221;.<\/p>\n<p>Marchesan acredita que o pa\u00eds vive uma crise pior que a dos anos 1980, per\u00edodo considerado por muitos analistas como a era perdida.<\/p>\n<p>O empreendedor disse que o pa\u00eds tem 13,9 milh\u00f5es de desempregados e 22 milh\u00f5es no subemprego, o que tem causado um caos pol\u00edtico-social insustent\u00e1vel.<\/p>\n<p>Movimento Produz Brasil<\/p>\n<p>A Fiesp (Federa\u00e7\u00e3o das Ind\u00fastrias do Estado de S\u00e3o Paulo) havia criticado, em dezembro de 2016, as pretens\u00f5es do governo federal de reduzir o Conte\u00fado Local no setor de petr\u00f3leo e g\u00e1s natural e disse que tal decis\u00e3o comprometeria o emprego de milhares de trabalhadores, bem como a renda nacional e o investimento das empresas.<\/p>\n<p>Neste momento, a Fiesp anunciara a cria\u00e7\u00e3o do Movimento Produz Brasil, que entre outras coisas, \u00e9 contr\u00e1rio \u00e0 redu\u00e7\u00e3o do Conte\u00fado Local.<\/p>\n<p>Em 16 de fevereiro deste ano, as federa\u00e7\u00f5es das ind\u00fastrias, associa\u00e7\u00f5es empresariais e de trabalhadores, que integram o Movimento Produz Brasil, lan\u00e7aram um manifesto contra a redu\u00e7\u00e3o do conte\u00fado local, pela retomada do crescimento econ\u00f4mico e recupera\u00e7\u00e3o da ind\u00fastria no pa\u00eds.<\/p>\n<p>Entre outras reivindica\u00e7\u00f5es apresentadas, o movimento defende &#8220;a manuten\u00e7\u00e3o de medidas de conte\u00fado local nas pr\u00f3ximas rodadas de licita\u00e7\u00e3o no setor de \u00f3leo e g\u00e1s, em n\u00edvel que permita a utiliza\u00e7\u00e3o da grande capacidade ociosa ora existente nas empresas instaladas no Brasil, nacionais ou estrangeiras&#8221;. Se n\u00e3o houver medidas por parte do governo neste sentido, os empres\u00e1rios estimam que cerca de um milh\u00e3o de trabalhadores perca seus postos de trabalho.<\/p>\n<p>Fonte: Blasting News<\/p>\n","protected":false},"excerpt":{"rendered":"<p>Conforme noticiado, entidades de empres\u00e1rios e trabalhadores v\u00eam alertando para o risco de esvaziamento da ind\u00fastria nacional no setor petr\u00f3leo e g\u00e1s, como reflexo da&#8230;<\/p>\n","protected":false},"author":1182,"featured_media":19555,"comment_status":"closed","ping_status":"closed","sticky":false,"template":"","format":"standard","meta":{"footnotes":""},"categories":[6],"tags":[],"class_list":["post-23021","post","type-post","status-publish","format-standard","has-post-thumbnail","hentry","category-noticias"],"_links":{"self":[{"href":"https:\/\/www.sincomam.org.br\/index.php\/wp-json\/wp\/v2\/posts\/23021","targetHints":{"allow":["GET"]}}],"collection":[{"href":"https:\/\/www.sincomam.org.br\/index.php\/wp-json\/wp\/v2\/posts"}],"about":[{"href":"https:\/\/www.sincomam.org.br\/index.php\/wp-json\/wp\/v2\/types\/post"}],"author":[{"embeddable":true,"href":"https:\/\/www.sincomam.org.br\/index.php\/wp-json\/wp\/v2\/users\/1182"}],"replies":[{"embeddable":true,"href":"https:\/\/www.sincomam.org.br\/index.php\/wp-json\/wp\/v2\/comments?post=23021"}],"version-history":[{"count":1,"href":"https:\/\/www.sincomam.org.br\/index.php\/wp-json\/wp\/v2\/posts\/23021\/revisions"}],"predecessor-version":[{"id":23022,"href":"https:\/\/www.sincomam.org.br\/index.php\/wp-json\/wp\/v2\/posts\/23021\/revisions\/23022"}],"wp:featuredmedia":[{"embeddable":true,"href":"https:\/\/www.sincomam.org.br\/index.php\/wp-json\/wp\/v2\/media\/19555"}],"wp:attachment":[{"href":"https:\/\/www.sincomam.org.br\/index.php\/wp-json\/wp\/v2\/media?parent=23021"}],"wp:term":[{"taxonomy":"category","embeddable":true,"href":"https:\/\/www.sincomam.org.br\/index.php\/wp-json\/wp\/v2\/categories?post=23021"},{"taxonomy":"post_tag","embeddable":true,"href":"https:\/\/www.sincomam.org.br\/index.php\/wp-json\/wp\/v2\/tags?post=23021"}],"curies":[{"name":"wp","href":"https:\/\/api.w.org\/{rel}","templated":true}]}}