{"id":22912,"date":"2017-03-20T00:00:04","date_gmt":"2017-03-20T03:00:04","guid":{"rendered":"http:\/\/www.sincomam.org.br\/?p=22912"},"modified":"2017-03-16T09:05:59","modified_gmt":"2017-03-16T12:05:59","slug":"ipc-s-sobe-035-na-2a-quadrissemana-de-marco","status":"publish","type":"post","link":"https:\/\/www.sincomam.org.br\/index.php\/ipc-s-sobe-035-na-2a-quadrissemana-de-marco\/","title":{"rendered":"IPC-S sobe 0,35% na 2\u00aa quadrissemana de mar\u00e7o"},"content":{"rendered":"<p><span>O \u00cdndice de Pre\u00e7os\u00a0<\/span><span>ao Consumidor Semanal (IPC-S) avan\u00e7ou 0,35 por cento na segunda quadrissemana de mar\u00e7o, contra alta de 0,34 por cento na primeira leitura do m\u00eas, informou a Funda\u00e7\u00e3o Getulio Vargas (FGV) nesta quinta-feira.<\/span><\/p>\n","protected":false},"excerpt":{"rendered":"<p>O \u00cdndice de Pre\u00e7os\u00a0ao Consumidor Semanal (IPC-S) avan\u00e7ou 0,35 por cento na segunda quadrissemana de mar\u00e7o, contra alta de 0,34 por cento na primeira leitura&#8230;<\/p>\n","protected":false},"author":1182,"featured_media":17837,"comment_status":"closed","ping_status":"closed","sticky":false,"template":"","format":"standard","meta":{"footnotes":""},"categories":[6],"tags":[],"class_list":["post-22912","post","type-post","status-publish","format-standard","has-post-thumbnail","hentry","category-noticias"],"_links":{"self":[{"href":"https:\/\/www.sincomam.org.br\/index.php\/wp-json\/wp\/v2\/posts\/22912","targetHints":{"allow":["GET"]}}],"collection":[{"href":"https:\/\/www.sincomam.org.br\/index.php\/wp-json\/wp\/v2\/posts"}],"about":[{"href":"https:\/\/www.sincomam.org.br\/index.php\/wp-json\/wp\/v2\/types\/post"}],"author":[{"embeddable":true,"href":"https:\/\/www.sincomam.org.br\/index.php\/wp-json\/wp\/v2\/users\/1182"}],"replies":[{"embeddable":true,"href":"https:\/\/www.sincomam.org.br\/index.php\/wp-json\/wp\/v2\/comments?post=22912"}],"version-history":[{"count":1,"href":"https:\/\/www.sincomam.org.br\/index.php\/wp-json\/wp\/v2\/posts\/22912\/revisions"}],"predecessor-version":[{"id":22913,"href":"https:\/\/www.sincomam.org.br\/index.php\/wp-json\/wp\/v2\/posts\/22912\/revisions\/22913"}],"wp:featuredmedia":[{"embeddable":true,"href":"https:\/\/www.sincomam.org.br\/index.php\/wp-json\/wp\/v2\/media\/17837"}],"wp:attachment":[{"href":"https:\/\/www.sincomam.org.br\/index.php\/wp-json\/wp\/v2\/media?parent=22912"}],"wp:term":[{"taxonomy":"category","embeddable":true,"href":"https:\/\/www.sincomam.org.br\/index.php\/wp-json\/wp\/v2\/categories?post=22912"},{"taxonomy":"post_tag","embeddable":true,"href":"https:\/\/www.sincomam.org.br\/index.php\/wp-json\/wp\/v2\/tags?post=22912"}],"curies":[{"name":"wp","href":"https:\/\/api.w.org\/{rel}","templated":true}]}}