{"id":22902,"date":"2017-03-20T00:00:04","date_gmt":"2017-03-20T03:00:04","guid":{"rendered":"http:\/\/www.sincomam.org.br\/?p=22902"},"modified":"2017-03-16T08:54:18","modified_gmt":"2017-03-16T11:54:18","slug":"consumo-de-bens-industriais-cresce-26-em-janeiro-na-comparacao-anual","status":"publish","type":"post","link":"https:\/\/www.sincomam.org.br\/index.php\/consumo-de-bens-industriais-cresce-26-em-janeiro-na-comparacao-anual\/","title":{"rendered":"Consumo de bens industriais cresce 2,6% em janeiro na compara\u00e7\u00e3o anual"},"content":{"rendered":"<p>O Indicador de Consumo Aparente de Bens Industriais, divulgado nesta quarta-feira (15) pelo Grupo de Conjuntura do Ipea, aponta um aumento de 2,6% em janeiro deste ano, na compara\u00e7\u00e3o com o mesmo m\u00eas de 2016. \u00c9 o segundo resultado positivo seguido, ap\u00f3s longo per\u00edodo de quedas, no comparativo interanual. J\u00e1 em rela\u00e7\u00e3o a dezembro passado, na s\u00e9rie livre de efeitos sazonais, o indicador mostrou um recuo de 0,9%, depois de uma alta de 2,6% no m\u00eas anterior.<\/p>\n<p>O consumo aparente (CA) de bens industriais \u00e9 definido como a produ\u00e7\u00e3o industrial dom\u00e9stica, acrescidas as importa\u00e7\u00f5es e abatidas as exporta\u00e7\u00f5es. Com o desempenho de janeiro, a queda do indicador acumulada em 12 meses desacelerou de 8,5% para 7%. Esse resultado, quando comparado \u00e0 produ\u00e7\u00e3o dom\u00e9stica, cuja queda foi de 5,4% no mesmo m\u00eas, sugere um escoamento l\u00edquido da produ\u00e7\u00e3o para o setor externo, segundo an\u00e1lise do Grupo de Conjuntura. Nessa mesma base de compara\u00e7\u00e3o, o volume importado de bens industriais caiu 8,7% e as exporta\u00e7\u00f5es cresceram 5,4% nos 12 meses terminados em janeiro de 2017.<\/p>\n<p>As grandes categorias econ\u00f4micas tiveram resultados heterog\u00eaneos. O destaque positivo, na compara\u00e7\u00e3o entre janeiro e dezembro, foi o avan\u00e7o de 1,1% na margem do setor de bens intermedi\u00e1rios \u2013 as mat\u00e9rias-primas processadas que s\u00e3o empregadas para a produ\u00e7\u00e3o de outros bens ou produtos finais. \u201cJ\u00e1 o setor de bens de capital apresentou contra\u00e7\u00e3o de 6,6% em janeiro, reflexo do mau desempenho da produ\u00e7\u00e3o dom\u00e9stica e das importa\u00e7\u00f5es\u201d, destaca o t\u00e9cnico de planejamento e pesquisa Leonardo Mello de Carvalho.<\/p>\n<p>Nas classes de produ\u00e7\u00e3o, enquanto a ind\u00fastria de transforma\u00e7\u00e3o registrou avan\u00e7o de 0,3%, a extrativa mineral recuou expressivos 22,4%. Entre as atividades, apenas sete cresceram, de um total de 22. O destaque ficou por conta da fabrica\u00e7\u00e3o de produtos derivados do petr\u00f3leo e biocombust\u00edveis, com alta de 6,9%, e a metalurgia, com expans\u00e3o de 3,2%. Por sua vez, a fabrica\u00e7\u00e3o de ve\u00edculos recuou 12,1% ante o m\u00eas de dezembro. No acumulado em 12 meses, a fabrica\u00e7\u00e3o de produtos qu\u00edmicos continuou sendo o \u00fanico setor com varia\u00e7\u00e3o positiva, de 0,7%.<\/p>\n","protected":false},"excerpt":{"rendered":"<p>O Indicador de Consumo Aparente de Bens Industriais, divulgado nesta quarta-feira (15) pelo Grupo de Conjuntura do Ipea, aponta um aumento de 2,6% em janeiro&#8230;<\/p>\n","protected":false},"author":1182,"featured_media":19010,"comment_status":"closed","ping_status":"closed","sticky":false,"template":"","format":"standard","meta":{"footnotes":""},"categories":[6],"tags":[],"class_list":["post-22902","post","type-post","status-publish","format-standard","has-post-thumbnail","hentry","category-noticias"],"_links":{"self":[{"href":"https:\/\/www.sincomam.org.br\/index.php\/wp-json\/wp\/v2\/posts\/22902","targetHints":{"allow":["GET"]}}],"collection":[{"href":"https:\/\/www.sincomam.org.br\/index.php\/wp-json\/wp\/v2\/posts"}],"about":[{"href":"https:\/\/www.sincomam.org.br\/index.php\/wp-json\/wp\/v2\/types\/post"}],"author":[{"embeddable":true,"href":"https:\/\/www.sincomam.org.br\/index.php\/wp-json\/wp\/v2\/users\/1182"}],"replies":[{"embeddable":true,"href":"https:\/\/www.sincomam.org.br\/index.php\/wp-json\/wp\/v2\/comments?post=22902"}],"version-history":[{"count":1,"href":"https:\/\/www.sincomam.org.br\/index.php\/wp-json\/wp\/v2\/posts\/22902\/revisions"}],"predecessor-version":[{"id":22903,"href":"https:\/\/www.sincomam.org.br\/index.php\/wp-json\/wp\/v2\/posts\/22902\/revisions\/22903"}],"wp:featuredmedia":[{"embeddable":true,"href":"https:\/\/www.sincomam.org.br\/index.php\/wp-json\/wp\/v2\/media\/19010"}],"wp:attachment":[{"href":"https:\/\/www.sincomam.org.br\/index.php\/wp-json\/wp\/v2\/media?parent=22902"}],"wp:term":[{"taxonomy":"category","embeddable":true,"href":"https:\/\/www.sincomam.org.br\/index.php\/wp-json\/wp\/v2\/categories?post=22902"},{"taxonomy":"post_tag","embeddable":true,"href":"https:\/\/www.sincomam.org.br\/index.php\/wp-json\/wp\/v2\/tags?post=22902"}],"curies":[{"name":"wp","href":"https:\/\/api.w.org\/{rel}","templated":true}]}}