{"id":22882,"date":"2017-03-16T08:41:20","date_gmt":"2017-03-16T11:41:20","guid":{"rendered":"http:\/\/www.sincomam.org.br\/?p=22882"},"modified":"2017-03-16T08:41:20","modified_gmt":"2017-03-16T11:41:20","slug":"retracao-afeta-transporte-de-cargas","status":"publish","type":"post","link":"https:\/\/www.sincomam.org.br\/index.php\/retracao-afeta-transporte-de-cargas\/","title":{"rendered":"Retra\u00e7\u00e3o afeta transporte de cargas"},"content":{"rendered":"<p>O setor de transporte de cargas rodovi\u00e1rio registrou queda de 30% no volume de produtos desembarcados em Manaus no primeiro bimestre deste ano em compara\u00e7\u00e3o a igual per\u00edodo de 2016. As cargas, provenientes das regi\u00f5es Sul, Sudeste e Nordeste, s\u00e3o direcionadas ao com\u00e9rcio local com itens de confec\u00e7\u00e3o, cal\u00e7ados, perfumaria, higiene, limpeza, dentre outros. A ACA (Associa\u00e7\u00e3o Comercial do Amazonas) confirma a baixa demanda pelos produtos e a consequente redu\u00e7\u00e3o nos pedidos aos fornecedores. Os empres\u00e1rios acreditam em uma recupera\u00e7\u00e3o nas vendas a partir deste m\u00eas.<\/p>\n<p>De acordo com o secret\u00e1rio do Setcam (Sindicato das Empresas de Agenciamento, Log\u00edstica e Transportes A\u00e9reos e Rodovi\u00e1rios de Cargas do Estado do Amazonas), Raimundo Augusto Ara\u00fajo, do total de dez carretas que saem de Manaus em dire\u00e7\u00e3o \u00e0s regi\u00f5es Sul, Sudeste e Nordeste, abastecidas por produtos do PIM (Polo Industrial de Manaus), somente sete retornam com produtos para atender ao com\u00e9rcio da capital. Ele afirma que h\u00e1 carretas paradas no Estado de S\u00e3o Paulo por falta de pedidos para o transporte at\u00e9 o Amazonas.<\/p>\n<p>&#8220;As ind\u00fastrias est\u00e3o voltando a produzir e consequentemente as carretas voltam a transportar. No primeiro bimestre registramos n\u00fameros de cargas que saem de Manaus aproximados aos contabilizados no mesmo per\u00edodo do \u00faltimo ano. Por\u00e9m, houve queda de 30% no volume de cargas que s\u00e3o fornecidas a Manaus com produtos como confec\u00e7\u00e3o, cal\u00e7ado, perfumaria, higiene e limpeza, entre outros&#8221;, informou.<\/p>\n<p>No trajeto dos demais Estados a Manaus, as carretas podem seguir dois percursos: at\u00e9 a cidade de Porto Velho (RO), onde os ve\u00edculos embarcam em balsas em trajeto fluvial at\u00e9 Manaus com trajeto que dura tr\u00eas dias e meio; ou, por rodovia at\u00e9 a cidade de Bel\u00e9m (PA), onde as carretas embarcam em balsas com destino a Manaus em viagens que duram cinco dias e meio. No total, o tempo de recebimento de uma carga na capital amazonense varia entre 13 e 14 dias. Na sa\u00edda de produtos de Manaus o tempo de viagem at\u00e9 o cliente \u00e9 de 11 dias.<\/p>\n<p>Segundo o presidente em exerc\u00edcio da ACA (Associa\u00e7\u00e3o Comercial do Amazonas), N\u00edlio de Lima Portela, h\u00e1 pelo menos seis meses o com\u00e9rcio registra diminui\u00e7\u00e3o de 70% no volume de pedidos para abastecer as lojas e estabelecimentos com produtos como confec\u00e7\u00f5es, cal\u00e7ados, materiais de constru\u00e7\u00e3o, perfumaria, entre outros. O empres\u00e1rio acredita que a partir deste m\u00eas a situa\u00e7\u00e3o melhore devido \u00e0 libera\u00e7\u00e3o dos valores do FGTS (Fundo de Garantia do Tempo de Servi\u00e7o) previsto para iniciar na pr\u00f3xima sexta-feira (10).<\/p>\n<p>&#8220;Acreditamos em uma rea\u00e7\u00e3o positiva do com\u00e9rcio a partir de mar\u00e7o em decorr\u00eancia dos saques de contas inativas do FGTS. Os valores dever\u00e3o ser investidos no com\u00e9rcio e isso ser\u00e1 um alento \u00e0 situa\u00e7\u00e3o. Por\u00e9m, n\u00e3o resultar\u00e1 em recupera\u00e7\u00e3o dos n\u00fameros&#8221;, disse.<\/p>\n<p>Na avalia\u00e7\u00e3o do vice-presidente da Fieam (Federa\u00e7\u00e3o da Ind\u00fastria do Estado do Amazonas), Nelson Azevedo, a ind\u00fastria come\u00e7a a se estabilizar, mas ainda est\u00e1 longe de sinalizar a recupera\u00e7\u00e3o. A expectativa, segundo ele, \u00e9 que neste ano a ind\u00fastria nacional apresente crescimento de pelo menos 2% em rela\u00e7\u00e3o ao faturamento do \u00faltimo ano. Logo, o PIM tamb\u00e9m ser\u00e1 impactado positivamente.<\/p>\n<p>&#8220;Ainda h\u00e1 setores significativos que est\u00e3o em situa\u00e7\u00e3o dif\u00edcil, mas estamos esperan\u00e7osos porque vemos uma retomada na confian\u00e7a do empresariado e do pr\u00f3prio consumidor. Se alcan\u00e7armos o crescimento de 2% vamos conseguir estabilizar a situa\u00e7\u00e3o e iniciar uma etapa de crescimento.<\/p>\n<p>Atendemos ao mercado interno e logo, o que impacta a produ\u00e7\u00e3o nacional atinge diretamente a ind\u00fastria local&#8221;, disse o empres\u00e1rio.<\/p>\n<p>Fonte: Jornal do Comm\u00e9rcio (AM)<\/p>\n","protected":false},"excerpt":{"rendered":"<p>O setor de transporte de cargas rodovi\u00e1rio registrou queda de 30% no volume de produtos desembarcados em Manaus no primeiro bimestre deste ano em compara\u00e7\u00e3o&#8230;<\/p>\n","protected":false},"author":1182,"featured_media":17907,"comment_status":"closed","ping_status":"closed","sticky":false,"template":"","format":"standard","meta":{"footnotes":""},"categories":[6],"tags":[],"class_list":["post-22882","post","type-post","status-publish","format-standard","has-post-thumbnail","hentry","category-noticias"],"_links":{"self":[{"href":"https:\/\/www.sincomam.org.br\/index.php\/wp-json\/wp\/v2\/posts\/22882","targetHints":{"allow":["GET"]}}],"collection":[{"href":"https:\/\/www.sincomam.org.br\/index.php\/wp-json\/wp\/v2\/posts"}],"about":[{"href":"https:\/\/www.sincomam.org.br\/index.php\/wp-json\/wp\/v2\/types\/post"}],"author":[{"embeddable":true,"href":"https:\/\/www.sincomam.org.br\/index.php\/wp-json\/wp\/v2\/users\/1182"}],"replies":[{"embeddable":true,"href":"https:\/\/www.sincomam.org.br\/index.php\/wp-json\/wp\/v2\/comments?post=22882"}],"version-history":[{"count":1,"href":"https:\/\/www.sincomam.org.br\/index.php\/wp-json\/wp\/v2\/posts\/22882\/revisions"}],"predecessor-version":[{"id":22883,"href":"https:\/\/www.sincomam.org.br\/index.php\/wp-json\/wp\/v2\/posts\/22882\/revisions\/22883"}],"wp:featuredmedia":[{"embeddable":true,"href":"https:\/\/www.sincomam.org.br\/index.php\/wp-json\/wp\/v2\/media\/17907"}],"wp:attachment":[{"href":"https:\/\/www.sincomam.org.br\/index.php\/wp-json\/wp\/v2\/media?parent=22882"}],"wp:term":[{"taxonomy":"category","embeddable":true,"href":"https:\/\/www.sincomam.org.br\/index.php\/wp-json\/wp\/v2\/categories?post=22882"},{"taxonomy":"post_tag","embeddable":true,"href":"https:\/\/www.sincomam.org.br\/index.php\/wp-json\/wp\/v2\/tags?post=22882"}],"curies":[{"name":"wp","href":"https:\/\/api.w.org\/{rel}","templated":true}]}}