{"id":22869,"date":"2017-03-15T00:16:18","date_gmt":"2017-03-15T03:16:18","guid":{"rendered":"http:\/\/www.sincomam.org.br\/?p=22869"},"modified":"2017-03-14T21:16:55","modified_gmt":"2017-03-15T00:16:55","slug":"temer-nomeia-primo-de-gilmar-mendes-para-diretoria-da-antaq","status":"publish","type":"post","link":"https:\/\/www.sincomam.org.br\/index.php\/temer-nomeia-primo-de-gilmar-mendes-para-diretoria-da-antaq\/","title":{"rendered":"Temer nomeia primo de Gilmar Mendes para diretoria da Antaq"},"content":{"rendered":"<p>O presidente Michel Temer indicou Francisval Dias Mendes para o cargo de diretor da Ag\u00eancia Nacional de Transporte Aquavi\u00e1rio (Antaq). Ele \u00e9 primo do ministro do Supremo Tribunal Federal (STF), Gilmar Mendes. O seu nome agora precisa ser aprovado no Senado Federal.<\/p>\n<p>Entre outros cargos, Francisval Mendes j\u00e1 foi diretor regulador de ouvidoria da Ag\u00eancia Estadual de Regula\u00e7\u00e3o dos Servi\u00e7os P\u00fablicos Delegados do Estado de Mato Grosso (Ager). Ele tamb\u00e9m trabalhou em diversos cargos no governo de Mato Grosso at\u00e9 chegar \u00e0 Ager, de onde saiu em 2011.<\/p>\n<p>Gilmar Mendes diz que rela\u00e7\u00e3o p\u00fablico-privado no Brasil \u00e9 &#8216;prom\u00edscua&#8217;<\/p>\n<p>O curr\u00edculo dele no site da entidade aponta que Mendes \u00e9 formado em direito na Universidade Federal de Mato Grosso e possui mestrado na mesma \u00e1rea na Universidade Ibirapuera (Unib).<\/p>\n<p>Fonte: Valor<\/p>\n","protected":false},"excerpt":{"rendered":"<p>O presidente Michel Temer indicou Francisval Dias Mendes para o cargo de diretor da Ag\u00eancia Nacional de Transporte Aquavi\u00e1rio (Antaq). Ele \u00e9 primo do ministro&#8230;<\/p>\n","protected":false},"author":1182,"featured_media":19480,"comment_status":"closed","ping_status":"closed","sticky":false,"template":"","format":"standard","meta":{"footnotes":""},"categories":[6],"tags":[],"class_list":["post-22869","post","type-post","status-publish","format-standard","has-post-thumbnail","hentry","category-noticias"],"_links":{"self":[{"href":"https:\/\/www.sincomam.org.br\/index.php\/wp-json\/wp\/v2\/posts\/22869","targetHints":{"allow":["GET"]}}],"collection":[{"href":"https:\/\/www.sincomam.org.br\/index.php\/wp-json\/wp\/v2\/posts"}],"about":[{"href":"https:\/\/www.sincomam.org.br\/index.php\/wp-json\/wp\/v2\/types\/post"}],"author":[{"embeddable":true,"href":"https:\/\/www.sincomam.org.br\/index.php\/wp-json\/wp\/v2\/users\/1182"}],"replies":[{"embeddable":true,"href":"https:\/\/www.sincomam.org.br\/index.php\/wp-json\/wp\/v2\/comments?post=22869"}],"version-history":[{"count":1,"href":"https:\/\/www.sincomam.org.br\/index.php\/wp-json\/wp\/v2\/posts\/22869\/revisions"}],"predecessor-version":[{"id":22870,"href":"https:\/\/www.sincomam.org.br\/index.php\/wp-json\/wp\/v2\/posts\/22869\/revisions\/22870"}],"wp:featuredmedia":[{"embeddable":true,"href":"https:\/\/www.sincomam.org.br\/index.php\/wp-json\/wp\/v2\/media\/19480"}],"wp:attachment":[{"href":"https:\/\/www.sincomam.org.br\/index.php\/wp-json\/wp\/v2\/media?parent=22869"}],"wp:term":[{"taxonomy":"category","embeddable":true,"href":"https:\/\/www.sincomam.org.br\/index.php\/wp-json\/wp\/v2\/categories?post=22869"},{"taxonomy":"post_tag","embeddable":true,"href":"https:\/\/www.sincomam.org.br\/index.php\/wp-json\/wp\/v2\/tags?post=22869"}],"curies":[{"name":"wp","href":"https:\/\/api.w.org\/{rel}","templated":true}]}}