{"id":22865,"date":"2017-03-15T00:20:53","date_gmt":"2017-03-15T03:20:53","guid":{"rendered":"http:\/\/www.sincomam.org.br\/?p=22865"},"modified":"2017-03-14T21:15:10","modified_gmt":"2017-03-15T00:15:10","slug":"portuarios-entram-em-greve-nesta-quarta-contra-as-reformas","status":"publish","type":"post","link":"https:\/\/www.sincomam.org.br\/index.php\/portuarios-entram-em-greve-nesta-quarta-contra-as-reformas\/","title":{"rendered":"Portu\u00e1rios entram em greve nesta quarta contra as reformas"},"content":{"rendered":"<p>Trabalhadores avulsos e vinculados de Santos e dos demais portos de todo Pa\u00eds, num total de mais de 20 mil portu\u00e1rios v\u00e3o entrar em greve nesta quinta-feira (15), por 24 horas, contra as reformas da previd\u00eancia social e trabalhista propostas pelo Governo Federal e que\u00a0 j\u00e1 est\u00e3o em tramita\u00e7\u00e3o no Congresso Nacional.<\/p>\n<p>\u00a0A decis\u00e3o foi aprovada durante plen\u00e1ria das tr\u00eas federa\u00e7\u00f5es nacionais de trabalhadores portu\u00e1rios e avulsos, na \u00faltima sexta-feira, no Rio de Janeiro. Os representantes de estivadores,\u00a0\u00a0 trabalhadores avulsos e portu\u00e1rios com v\u00ednculo de emprego, decidiram parar em protesto contra as reformas do Governo. A data foi escolhida devido aos demais protestos que ser\u00e3o realizados em todo Pa\u00eds contra as mesmas medidas adotadas pelo Governo Federal.<\/p>\n<p>Segundo o presidente do Sindicato dos Estivadores de Santos e regi\u00e3o, Rodnei Oliveira da Silva Nei, a paralisa\u00e7\u00e3o ser\u00e1 ainda contra o projeto de terceiriza\u00e7\u00e3o de m\u00e3o-de-obra, tamb\u00e9m em andamento na C\u00e2mara Federal.<\/p>\n<p>Para ele, \u201cmotivos n\u00e3o faltam para a greve\u201d. A plen\u00e1ria revelou enorme descontentamento das categorias portu\u00e1rias contra as reformas propostas pelo presidente Michel Temer (PMDB), principalmente as que pioram as condi\u00e7\u00f5es para os trabalhadores se aposentarem.<\/p>\n<p>\u201cSe aprovadas\u201d, reclama o presidente dos estivadores santistas, \u201ca maioria da popula\u00e7\u00e3o brasileira n\u00e3o conseguir\u00e1 se aposentar. Os que conseguirem estar\u00e3o com idade bem avan\u00e7ada e, mesmo assim, os valores das aposentadorias ser\u00e3o vexat\u00f3rios\u201d.<\/p>\n<p>Nei entende que a reforma previdenci\u00e1ria \u201cfoi elaborada para atender interesses do sistema financeiro, propriet\u00e1rios dos planos de previd\u00eancia privada, e tamb\u00e9m para poupar os grandes devedores do INSS, que deveriam ser cobrados pelo estado\u201d.<\/p>\n<p>O sindicalista pondera ainda que a reforma trabalhista e a terceiriza\u00e7\u00e3o \u201cvisam retirar direitos dos trabalhadores, muitos garantidos pela CLT, em benef\u00edcio de empresas que paradoxalmente devem ao governo, por meio de sonega\u00e7\u00f5es, e simplesmente n\u00e3o pagam\u201d.<\/p>\n<p><strong>Outra greve<\/strong><\/p>\n<p>Os portu\u00e1rios avulsos estivadores de todo o Brasil poder\u00e3o paralisar tamb\u00e9m as atividades, em data ainda a ser definida, caso o Governo Federal modifique a lei dos portos para beneficiar os operadores (empres\u00e1rios) e prejudicar os trabalhadores do setor portu\u00e1rio.<\/p>\n<p>Sindicatos tamb\u00e9m v\u00e3o promover protestos contra reforma da previd\u00eancia<\/p>\n<p>O movimento sindical vai fazer mobiliza\u00e7\u00f5es com possibilidade de paralisa\u00e7\u00f5es de alguns setores amanh\u00e3 na Baixada Santista. Eles, pretendem, logo cedo, deflagrar as mobiliza\u00e7\u00f5es no acesso \u00e0 Regi\u00e3o, fazer panfletagens em v\u00e1rias cidades e tamb\u00e9m no Centro de Santos.<\/p>\n<p>Os esquemas ser\u00e3o definidos hoje, por\u00e9m, n\u00e3o ser\u00e3o revelados para n\u00e3o atrapalhar o impacto pretendido pelos sindicalistas de v\u00e1rios sindicatos e centrais sindicais.<\/p>\n<p>\u201cTemos que dar um basta a essa pretens\u00e3o do Governo Federal em mexer com a previd\u00eancia sem argumentos transparentes. Ele tem que discutir com a Sociedade os n\u00fameros e o rumo da previd\u00eancia e n\u00e3o agir dessa forma ditatorial\u201d, disse Claudinei Gato, presidente do Sindicato dos Sider\u00fargicos e Metal\u00fargicos de Santos, que recebeu a reportagem do DL, na sede do sindicato.<\/p>\n<p>O sindicalista, junto com outros grupos, que integram tr\u00eas centrais sindicais diferentes estava preparando o esquema para a mobiliza\u00e7\u00e3o. \u201cTemos que mostrar a for\u00e7a do trabalhador, pois ser\u00e1 ele que vai pagar por mais esta conta. Temos que reverter isso e as manifesta\u00e7\u00f5es nas ruas \u00e9 o caminho\u201d, concluiu.<\/p>\n<p>Fonte: Di\u00e1rio do Litoral<\/p>\n","protected":false},"excerpt":{"rendered":"<p>Trabalhadores avulsos e vinculados de Santos e dos demais portos de todo Pa\u00eds, num total de mais de 20 mil portu\u00e1rios v\u00e3o entrar em greve&#8230;<\/p>\n","protected":false},"author":1182,"featured_media":19106,"comment_status":"closed","ping_status":"closed","sticky":false,"template":"","format":"standard","meta":{"footnotes":""},"categories":[6],"tags":[],"class_list":["post-22865","post","type-post","status-publish","format-standard","has-post-thumbnail","hentry","category-noticias"],"_links":{"self":[{"href":"https:\/\/www.sincomam.org.br\/index.php\/wp-json\/wp\/v2\/posts\/22865","targetHints":{"allow":["GET"]}}],"collection":[{"href":"https:\/\/www.sincomam.org.br\/index.php\/wp-json\/wp\/v2\/posts"}],"about":[{"href":"https:\/\/www.sincomam.org.br\/index.php\/wp-json\/wp\/v2\/types\/post"}],"author":[{"embeddable":true,"href":"https:\/\/www.sincomam.org.br\/index.php\/wp-json\/wp\/v2\/users\/1182"}],"replies":[{"embeddable":true,"href":"https:\/\/www.sincomam.org.br\/index.php\/wp-json\/wp\/v2\/comments?post=22865"}],"version-history":[{"count":1,"href":"https:\/\/www.sincomam.org.br\/index.php\/wp-json\/wp\/v2\/posts\/22865\/revisions"}],"predecessor-version":[{"id":22866,"href":"https:\/\/www.sincomam.org.br\/index.php\/wp-json\/wp\/v2\/posts\/22865\/revisions\/22866"}],"wp:featuredmedia":[{"embeddable":true,"href":"https:\/\/www.sincomam.org.br\/index.php\/wp-json\/wp\/v2\/media\/19106"}],"wp:attachment":[{"href":"https:\/\/www.sincomam.org.br\/index.php\/wp-json\/wp\/v2\/media?parent=22865"}],"wp:term":[{"taxonomy":"category","embeddable":true,"href":"https:\/\/www.sincomam.org.br\/index.php\/wp-json\/wp\/v2\/categories?post=22865"},{"taxonomy":"post_tag","embeddable":true,"href":"https:\/\/www.sincomam.org.br\/index.php\/wp-json\/wp\/v2\/tags?post=22865"}],"curies":[{"name":"wp","href":"https:\/\/api.w.org\/{rel}","templated":true}]}}