{"id":22850,"date":"2017-03-13T00:02:50","date_gmt":"2017-03-13T03:02:50","guid":{"rendered":"http:\/\/www.sincomam.org.br\/?p=22850"},"modified":"2017-03-08T23:21:19","modified_gmt":"2017-03-09T02:21:19","slug":"meirelles-nega-informacao-sobre-aumento-de-imposto","status":"publish","type":"post","link":"https:\/\/www.sincomam.org.br\/index.php\/meirelles-nega-informacao-sobre-aumento-de-imposto\/","title":{"rendered":"Meirelles nega informa\u00e7\u00e3o sobre aumento de imposto"},"content":{"rendered":"<p>O ministro da Fazenda, Henrique Meirelles, negou que o governo esteja estudando aumento de impostos especificamente, do Imposto sobre Opera\u00e7\u00f5es Financeiras (IOF) incidente sobre transa\u00e7\u00f5es de c\u00e2mbio.<\/p>\n<p>\u201cN\u00e3o procede informa\u00e7\u00e3o sobre o aumento de impostos\u201d, disse o ministro ao chegar ao Senado para uma reuni\u00e3o com deputados da bancada do PP sobre a reforma da Previd\u00eancia.<\/p>\n<p>Questionado por jornalistas sobre o rumor que circulou mais cedo sobre o aumento de impostos, o ministro foi mais espec\u00edfico. \u201cN\u00e3o h\u00e1 decis\u00e3o sobre alta do IOF\u201d, completou.<\/p>\n<p>Meirelles lembrou que ainda n\u00e3o foi fechada a programa\u00e7\u00e3o or\u00e7ament\u00e1ria para este ano, mas voltou a dizer que o governo est\u00e1 comprometido com o cumprimento da meta fiscal de 2017, que prev\u00ea um d\u00e9ficit de at\u00e9 R$ 139 bilh\u00f5es para o governo central.<\/p>\n<p><strong>Estados<\/strong><\/p>\n<p>Ap\u00f3s a reuni\u00e3o com o PP, Meirelles ir\u00e1 ao Planalto para se reunir com o presidente da Rep\u00fablica, Michel Temer, e com o governador do Rio Grande do Sul, Ivo Sartori.<\/p>\n<p>Ele descartou a possibilidade de que seja fechado ainda nesta quarta o acordo para a entrada do Estado no regime de recupera\u00e7\u00e3o fiscal. \u201cFaremos mais uma reuni\u00e3o para avaliar o acordo para o Rio Grande do Sul, mas nada ser\u00e1 assinado hoje\u201d, disse.<\/p>\n<p>Fonte: Folha de SP<\/p>\n","protected":false},"excerpt":{"rendered":"<p>O ministro da Fazenda, Henrique Meirelles, negou que o governo esteja estudando aumento de impostos especificamente, do Imposto sobre Opera\u00e7\u00f5es Financeiras (IOF) incidente sobre transa\u00e7\u00f5es&#8230;<\/p>\n","protected":false},"author":1182,"featured_media":19487,"comment_status":"closed","ping_status":"closed","sticky":false,"template":"","format":"standard","meta":{"footnotes":""},"categories":[6],"tags":[],"class_list":["post-22850","post","type-post","status-publish","format-standard","has-post-thumbnail","hentry","category-noticias"],"_links":{"self":[{"href":"https:\/\/www.sincomam.org.br\/index.php\/wp-json\/wp\/v2\/posts\/22850","targetHints":{"allow":["GET"]}}],"collection":[{"href":"https:\/\/www.sincomam.org.br\/index.php\/wp-json\/wp\/v2\/posts"}],"about":[{"href":"https:\/\/www.sincomam.org.br\/index.php\/wp-json\/wp\/v2\/types\/post"}],"author":[{"embeddable":true,"href":"https:\/\/www.sincomam.org.br\/index.php\/wp-json\/wp\/v2\/users\/1182"}],"replies":[{"embeddable":true,"href":"https:\/\/www.sincomam.org.br\/index.php\/wp-json\/wp\/v2\/comments?post=22850"}],"version-history":[{"count":1,"href":"https:\/\/www.sincomam.org.br\/index.php\/wp-json\/wp\/v2\/posts\/22850\/revisions"}],"predecessor-version":[{"id":22851,"href":"https:\/\/www.sincomam.org.br\/index.php\/wp-json\/wp\/v2\/posts\/22850\/revisions\/22851"}],"wp:featuredmedia":[{"embeddable":true,"href":"https:\/\/www.sincomam.org.br\/index.php\/wp-json\/wp\/v2\/media\/19487"}],"wp:attachment":[{"href":"https:\/\/www.sincomam.org.br\/index.php\/wp-json\/wp\/v2\/media?parent=22850"}],"wp:term":[{"taxonomy":"category","embeddable":true,"href":"https:\/\/www.sincomam.org.br\/index.php\/wp-json\/wp\/v2\/categories?post=22850"},{"taxonomy":"post_tag","embeddable":true,"href":"https:\/\/www.sincomam.org.br\/index.php\/wp-json\/wp\/v2\/tags?post=22850"}],"curies":[{"name":"wp","href":"https:\/\/api.w.org\/{rel}","templated":true}]}}