{"id":22836,"date":"2017-03-10T00:08:23","date_gmt":"2017-03-10T03:08:23","guid":{"rendered":"http:\/\/www.sincomam.org.br\/?p=22836"},"modified":"2017-03-08T23:09:13","modified_gmt":"2017-03-09T02:09:13","slug":"corte-de-producao-de-petroleo-da-opep-ficou-40-acima-da-meta-em-fevereiro","status":"publish","type":"post","link":"https:\/\/www.sincomam.org.br\/index.php\/corte-de-producao-de-petroleo-da-opep-ficou-40-acima-da-meta-em-fevereiro\/","title":{"rendered":"Corte de produ\u00e7\u00e3o de petr\u00f3leo da Opep ficou 40% acima da meta em fevereiro"},"content":{"rendered":"<p>O ministro de Petr\u00f3leo do Kuweit, Essam Al-Marzouq, disse nesta quarta-feira que a Organiza\u00e7\u00e3o dos Pa\u00edses Exportadores de Petr\u00f3leo (Opep) realizou cortes de produ\u00e7\u00e3o em fevereiro de 140 por cento da meta prometida, enquanto pa\u00edses de fora do grupo cumpriram entre 50 e 60 por cento de suas promessas.<\/p>\n<p>A Opep fechou no ano passado um acordo para reduzir 1,2 milh\u00e3o de barris por dia (bpd) de sua produ\u00e7\u00e3o a partir de 1\u00ba de janeiro, numa tentativa de sustentar pre\u00e7os e enxugar a oferta global.<\/p>\n<p>Marzouq atribuiu a alta ades\u00e3o dentro da Opep a um profundo corte pela Ar\u00e1bia Saudita.<\/p>\n<p>&#8220;A Ar\u00e1bia Saudita voluntariamente cortou mais do que sua fatia, para aumentar a confian\u00e7a na quest\u00e3o do acordo de redu\u00e7\u00e3o de produ\u00e7\u00e3o&#8221;, disse ele a jornalistas, no Kuweit.<\/p>\n<p>Ele descreveu a ades\u00e3o da Opep como &#8220;excelente&#8221; e a de pa\u00edses de fora do cartel como &#8220;aceit\u00e1vel&#8221;, acrescentando que h\u00e1 mais satisfa\u00e7\u00e3o entre membros da Opep com os atuais n\u00edveis de pre\u00e7os, que ele descreveu como &#8220;est\u00e1veis&#8221;.<br \/>O Kuweit dever\u00e1 receber uma reuni\u00e3o de ministros em 26 de mar\u00e7o com pa\u00edses da Opep e n\u00e3o membros para revisar a aplica\u00e7\u00e3o do acordo de cortes de produ\u00e7\u00e3o, no segundo encontro do g\u00eanero desde que o compromisso foi firmado.<\/p>\n<p>Fonte: Uol<\/p>\n","protected":false},"excerpt":{"rendered":"<p>O ministro de Petr\u00f3leo do Kuweit, Essam Al-Marzouq, disse nesta quarta-feira que a Organiza\u00e7\u00e3o dos Pa\u00edses Exportadores de Petr\u00f3leo (Opep) realizou cortes de produ\u00e7\u00e3o em&#8230;<\/p>\n","protected":false},"author":1182,"featured_media":20349,"comment_status":"closed","ping_status":"closed","sticky":false,"template":"","format":"standard","meta":{"footnotes":""},"categories":[6],"tags":[],"class_list":["post-22836","post","type-post","status-publish","format-standard","has-post-thumbnail","hentry","category-noticias"],"_links":{"self":[{"href":"https:\/\/www.sincomam.org.br\/index.php\/wp-json\/wp\/v2\/posts\/22836","targetHints":{"allow":["GET"]}}],"collection":[{"href":"https:\/\/www.sincomam.org.br\/index.php\/wp-json\/wp\/v2\/posts"}],"about":[{"href":"https:\/\/www.sincomam.org.br\/index.php\/wp-json\/wp\/v2\/types\/post"}],"author":[{"embeddable":true,"href":"https:\/\/www.sincomam.org.br\/index.php\/wp-json\/wp\/v2\/users\/1182"}],"replies":[{"embeddable":true,"href":"https:\/\/www.sincomam.org.br\/index.php\/wp-json\/wp\/v2\/comments?post=22836"}],"version-history":[{"count":1,"href":"https:\/\/www.sincomam.org.br\/index.php\/wp-json\/wp\/v2\/posts\/22836\/revisions"}],"predecessor-version":[{"id":22837,"href":"https:\/\/www.sincomam.org.br\/index.php\/wp-json\/wp\/v2\/posts\/22836\/revisions\/22837"}],"wp:featuredmedia":[{"embeddable":true,"href":"https:\/\/www.sincomam.org.br\/index.php\/wp-json\/wp\/v2\/media\/20349"}],"wp:attachment":[{"href":"https:\/\/www.sincomam.org.br\/index.php\/wp-json\/wp\/v2\/media?parent=22836"}],"wp:term":[{"taxonomy":"category","embeddable":true,"href":"https:\/\/www.sincomam.org.br\/index.php\/wp-json\/wp\/v2\/categories?post=22836"},{"taxonomy":"post_tag","embeddable":true,"href":"https:\/\/www.sincomam.org.br\/index.php\/wp-json\/wp\/v2\/tags?post=22836"}],"curies":[{"name":"wp","href":"https:\/\/api.w.org\/{rel}","templated":true}]}}