{"id":22792,"date":"2017-03-08T00:15:13","date_gmt":"2017-03-08T03:15:13","guid":{"rendered":"http:\/\/www.sincomam.org.br\/?p=22792"},"modified":"2017-03-07T22:16:53","modified_gmt":"2017-03-08T01:16:53","slug":"atividade-na-industria-cai-em-janeiro-aponta-fiesp","status":"publish","type":"post","link":"https:\/\/www.sincomam.org.br\/index.php\/atividade-na-industria-cai-em-janeiro-aponta-fiesp\/","title":{"rendered":"Atividade na ind\u00fastria cai em janeiro, aponta Fiesp"},"content":{"rendered":"<p>O Indicador de N\u00edvel de Atividade (INA) da ind\u00fastria paulista caiu 0,7% em janeiro, ante dezembro, feito o ajuste sazonal, de acordo com a Federa\u00e7\u00e3o das Ind\u00fastrias do Estado de S\u00e3o Paulo (Fiesp). Em dezembro, o INA subiu 3,6%. Em 12 meses, a queda acumulada \u00e9 de 8,3%. Apesar do recuo da atividade, as expectativas do setor melhoraram em fevereiro.<\/p>\n<p>Todos os indicadores de conjuntura que comp\u00f5em o INA ca\u00edram em janeiro, a vari\u00e1vel total de vendas reais (-1,3%) foi a que exerceu maior influ\u00eancia na forma\u00e7\u00e3o do resultado negativo do INA no primeiro m\u00eas do ano. As horas trabalhadas na produ\u00e7\u00e3o e a utiliza\u00e7\u00e3o da capacidade instalada recuaram 0,8% e 0,3 ponto percentual (para 75,4%), respectivamente, ante dezembro.<\/p>\n<p>&#8220;Temos uma tend\u00eancia de lenta recupera\u00e7\u00e3o para o primeiro semestre, com essa melhora sendo acentuada a partir do segundo semestre&#8221;, afirma, em nota, Paulo Francini, diretor do Departamento de Pesquisas e Estudos Econ\u00f4micos da Fiesp. Ele estima crescimento de 1,2% na atividade industrial paulista em 2017. Em 18 setores, 11 apresentaram varia\u00e7\u00e3o positiva e 7 negativa.<\/p>\n<p>A pesquisa mensal Sensor registrou seu primeiro sinal positivo em tr\u00eas anos. O levantamento mede expectativas quanto a atividade, emprego e condi\u00e7\u00f5es de mercado. Em fevereiro, esse indicador ficou em 50,6 pontos, ante 49 em janeiro, com ajuste sazonal. &#8220;O resultado acima da casa dos 50 pontos \u00e9 o primeiro apresentado depois de uma sequ\u00eancia de tr\u00eas anos no patamar inferior a esse dado&#8221;, diz a Fiesp em nota.<\/p>\n<p>Fonte: Valor<\/p>\n","protected":false},"excerpt":{"rendered":"<p>O Indicador de N\u00edvel de Atividade (INA) da ind\u00fastria paulista caiu 0,7% em janeiro, ante dezembro, feito o ajuste sazonal, de acordo com a Federa\u00e7\u00e3o&#8230;<\/p>\n","protected":false},"author":1182,"featured_media":18672,"comment_status":"closed","ping_status":"closed","sticky":false,"template":"","format":"standard","meta":{"footnotes":""},"categories":[6],"tags":[],"class_list":["post-22792","post","type-post","status-publish","format-standard","has-post-thumbnail","hentry","category-noticias"],"_links":{"self":[{"href":"https:\/\/www.sincomam.org.br\/index.php\/wp-json\/wp\/v2\/posts\/22792","targetHints":{"allow":["GET"]}}],"collection":[{"href":"https:\/\/www.sincomam.org.br\/index.php\/wp-json\/wp\/v2\/posts"}],"about":[{"href":"https:\/\/www.sincomam.org.br\/index.php\/wp-json\/wp\/v2\/types\/post"}],"author":[{"embeddable":true,"href":"https:\/\/www.sincomam.org.br\/index.php\/wp-json\/wp\/v2\/users\/1182"}],"replies":[{"embeddable":true,"href":"https:\/\/www.sincomam.org.br\/index.php\/wp-json\/wp\/v2\/comments?post=22792"}],"version-history":[{"count":1,"href":"https:\/\/www.sincomam.org.br\/index.php\/wp-json\/wp\/v2\/posts\/22792\/revisions"}],"predecessor-version":[{"id":22793,"href":"https:\/\/www.sincomam.org.br\/index.php\/wp-json\/wp\/v2\/posts\/22792\/revisions\/22793"}],"wp:featuredmedia":[{"embeddable":true,"href":"https:\/\/www.sincomam.org.br\/index.php\/wp-json\/wp\/v2\/media\/18672"}],"wp:attachment":[{"href":"https:\/\/www.sincomam.org.br\/index.php\/wp-json\/wp\/v2\/media?parent=22792"}],"wp:term":[{"taxonomy":"category","embeddable":true,"href":"https:\/\/www.sincomam.org.br\/index.php\/wp-json\/wp\/v2\/categories?post=22792"},{"taxonomy":"post_tag","embeddable":true,"href":"https:\/\/www.sincomam.org.br\/index.php\/wp-json\/wp\/v2\/tags?post=22792"}],"curies":[{"name":"wp","href":"https:\/\/api.w.org\/{rel}","templated":true}]}}