{"id":22786,"date":"2017-03-07T00:34:25","date_gmt":"2017-03-07T03:34:25","guid":{"rendered":"http:\/\/www.sincomam.org.br\/?p=22786"},"modified":"2017-03-06T20:35:19","modified_gmt":"2017-03-06T23:35:19","slug":"antaq-realiza-audiencia-publica-presencial-para-licitacao-de-terminais-no-porto-de-paranagua","status":"publish","type":"post","link":"https:\/\/www.sincomam.org.br\/index.php\/antaq-realiza-audiencia-publica-presencial-para-licitacao-de-terminais-no-porto-de-paranagua\/","title":{"rendered":"Antaq realiza audi\u00eancia p\u00fablica presencial para licita\u00e7\u00e3o de terminais no Porto de Paranagu\u00e1"},"content":{"rendered":"<p>A Ag\u00eancia Nacional de Transportes Aquavi\u00e1rios (Antaq) realizar\u00e1 nesta ter\u00e7a-feira (7), no Teatro Rachel Costa, em Paranagu\u00e1 (PR), audi\u00eancia p\u00fablica presencial para debate das minutas jur\u00eddicas e t\u00e9cnicas (edital de licita\u00e7\u00e3o, contrato de arrendamento, documentos t\u00e9cnicos e seus respectivos anexos), dos certames licitat\u00f3rios referentes aos arrendamentos do terminal portu\u00e1rio para movimenta\u00e7\u00e3o de papel e celulose, denominado PAR01, e do terminal portu\u00e1rio de ve\u00edculos, denominado PAR12, ambos no porto organizado de Paranagu\u00e1.<\/p>\n<p>A audi\u00eancia ter\u00e1 in\u00edcio \u00e0s 14h30h e t\u00e9rmino quando da manifesta\u00e7\u00e3o do \u00faltimo credenciado, sendo 17h o seu hor\u00e1rio limite. O credenciamento ser\u00e1 realizado no local, das 14h \u00e0s 15h.<\/p>\n<p>Para o PAR01 (papel e celulose), os estudos preveem a movimenta\u00e7\u00e3o anual de 900 toneladas a partir do terceiro ano do contrato. A \u00e1rea do terminal \u00e9 de 27.530 m\u00b2 e o prazo do contrato \u00e9 de 25 anos, prorrog\u00e1vel por igual per\u00edodo. O novo arrendat\u00e1rio dever\u00e1 investir R$ 102,114 milh\u00f5es no terminal e pagar a autoridade portu\u00e1ria R$ 63.720,49 mensais de aluguel pelo uso da \u00e1rea e mais R$ 2,24 por tonelada movimentada.<\/p>\n<p>O novo arrendat\u00e1rio do PAR12 (ve\u00edculos) dever\u00e1 arcar com investimentos previstos da ordem de R$ 71,945 milh\u00f5es e ter uma movimenta\u00e7\u00e3o m\u00ednima crescente de 95 mil toneladas\/ano, a partir do terceiro ano, at\u00e9 chegar a 166 mil toneladas no 25\u00ba ano do contrato. A \u00e1rea do terminal compreende 170.200 m\u00b2 e o prazo do contrato tamb\u00e9m \u00e9 de 25 anos prorrog\u00e1vel por igual per\u00edodo. Pelo uso da \u00e1rea, o arrendat\u00e1rio pagar\u00e1 \u00e0 autoridade portu\u00e1ria R$ 84.616,93 mensais de aluguel e mais R$ 20,58 por ve\u00edculo movimentado.<\/p>\n<p>Consulta p\u00fablica<\/p>\n<p>As minutas jur\u00eddicas e t\u00e9cnicas para os dois terminais est\u00e3o em consulta p\u00fablica na ANTAQ. Os interessados poder\u00e3o enviar suas contribui\u00e7\u00f5es at\u00e9 \u00e0s 23h59 do dia 24 de mar\u00e7o pr\u00f3ximo, exclusivamente por meio e na forma do formul\u00e1rio eletr\u00f4nico dispon\u00edvel no s\u00edtio: www.antaq.gov.br, n\u00e3o sendo aceitas contribui\u00e7\u00f5es enviadas por meio diverso.<\/p>\n<p>Ser\u00e1 permitido, exclusivamente por meio dos e-mails: anexo_audiencia12017@antaq.gov.br (terminal de papel e celulose) e anexo_audiencia22017@antaq.gov.br (terminal de ve\u00edculos), mediante identifica\u00e7\u00e3o do contribuinte e no prazo estipulado, anexar imagens digitais, tais como mapas, plantas, fotos etc.<\/p>\n<p>Caso o interessado n\u00e3o disponha dos recursos necess\u00e1rios para o envio da contribui\u00e7\u00e3o por meio do formul\u00e1rio eletr\u00f4nico, poder\u00e1 faz\u00ea-lo utilizando-se do computador da Secretaria Geral da Ag\u00eancia, no caso de Bras\u00edlia\/DF, ou das Unidades Regionais da ANTAQ, cujos endere\u00e7os est\u00e3o dispon\u00edveis o s\u00edtio da Ag\u00eancia.<\/p>\n<p>As contribui\u00e7\u00f5es recebidas pela ANTAQ na forma deste Aviso, ser\u00e3o disponibilizadas aos interessados no s\u00edtio:\u00a0www.antaq.gov.br.<\/p>\n<p>Servi\u00e7o<\/p>\n<p>Evento \u2013 Audi\u00eancia P\u00fablica Presencial dos terminais de Papel e Celulose e Ve\u00edculos do Porto de Paranagu\u00e1-PR<br \/>Data \u2013 07 de mar\u00e7o de 2017<br \/>Local \u2013 Teatro Rachel Costa, Rua XV de Novembro, n\u00ba 87, Centro Hist\u00f3rico &#8211; Paranagu\u00e1-PR<\/p>\n<p>Fonte: Antaq<\/p>\n","protected":false},"excerpt":{"rendered":"<p>A Ag\u00eancia Nacional de Transportes Aquavi\u00e1rios (Antaq) realizar\u00e1 nesta ter\u00e7a-feira (7), no Teatro Rachel Costa, em Paranagu\u00e1 (PR), audi\u00eancia p\u00fablica presencial para debate das minutas&#8230;<\/p>\n","protected":false},"author":1182,"featured_media":18377,"comment_status":"closed","ping_status":"closed","sticky":false,"template":"","format":"standard","meta":{"footnotes":""},"categories":[6],"tags":[],"class_list":["post-22786","post","type-post","status-publish","format-standard","has-post-thumbnail","hentry","category-noticias"],"_links":{"self":[{"href":"https:\/\/www.sincomam.org.br\/index.php\/wp-json\/wp\/v2\/posts\/22786","targetHints":{"allow":["GET"]}}],"collection":[{"href":"https:\/\/www.sincomam.org.br\/index.php\/wp-json\/wp\/v2\/posts"}],"about":[{"href":"https:\/\/www.sincomam.org.br\/index.php\/wp-json\/wp\/v2\/types\/post"}],"author":[{"embeddable":true,"href":"https:\/\/www.sincomam.org.br\/index.php\/wp-json\/wp\/v2\/users\/1182"}],"replies":[{"embeddable":true,"href":"https:\/\/www.sincomam.org.br\/index.php\/wp-json\/wp\/v2\/comments?post=22786"}],"version-history":[{"count":1,"href":"https:\/\/www.sincomam.org.br\/index.php\/wp-json\/wp\/v2\/posts\/22786\/revisions"}],"predecessor-version":[{"id":22787,"href":"https:\/\/www.sincomam.org.br\/index.php\/wp-json\/wp\/v2\/posts\/22786\/revisions\/22787"}],"wp:featuredmedia":[{"embeddable":true,"href":"https:\/\/www.sincomam.org.br\/index.php\/wp-json\/wp\/v2\/media\/18377"}],"wp:attachment":[{"href":"https:\/\/www.sincomam.org.br\/index.php\/wp-json\/wp\/v2\/media?parent=22786"}],"wp:term":[{"taxonomy":"category","embeddable":true,"href":"https:\/\/www.sincomam.org.br\/index.php\/wp-json\/wp\/v2\/categories?post=22786"},{"taxonomy":"post_tag","embeddable":true,"href":"https:\/\/www.sincomam.org.br\/index.php\/wp-json\/wp\/v2\/tags?post=22786"}],"curies":[{"name":"wp","href":"https:\/\/api.w.org\/{rel}","templated":true}]}}