{"id":22763,"date":"2017-03-06T00:07:02","date_gmt":"2017-03-06T03:07:02","guid":{"rendered":"http:\/\/www.sincomam.org.br\/?p=22763"},"modified":"2017-03-05T22:09:49","modified_gmt":"2017-03-06T01:09:49","slug":"janot-vai-pedir-inquerito-sobre-senadores-e-ministros","status":"publish","type":"post","link":"https:\/\/www.sincomam.org.br\/index.php\/janot-vai-pedir-inquerito-sobre-senadores-e-ministros\/","title":{"rendered":"Janot vai pedir inqu\u00e9rito sobre senadores e ministros"},"content":{"rendered":"<p>O procurador-geral da Rep\u00fablica, Rodrigo Janot, vai pedir nos pr\u00f3ximos dias para que o STF\u00a0(Supremo Tribunal Federal) abra inqu\u00e9rito para investigar uma s\u00e9rie de pol\u00edticos citados na dela\u00e7\u00e3o da\u00a0Odebrecht, de acordo com reportagem da Folha de S\u00e3o Paulo.<\/p>\n<p>Na lista estariam dois ministros do governo do presidente Michel Temer:\u00a0Eliseu Padilha (Casa Civil), atualmente licenciado para tratamento m\u00e9dico, e Moreira Franco (Secretaria-Geral da Presid\u00eancia).<\/p>\n<p>O jornal tamb\u00e9m diz que a Procuradoria quer investigar\u00a0os senadores Edison Lob\u00e3o (MA) e Romero Juc\u00e1 (RR), do PMDB, e\u00a0Jos\u00e9 Serra (SP) e A\u00e9cio Neves (MG), do PSDB.<\/p>\n<p>Outra solicita\u00e7\u00e3o seria para que inst\u00e2ncias inferiores investiguem nomes citados nos depoimentos e que n\u00e3o tem foro no Supremo.<\/p>\n<p>Entre eles estariam os ex-presidente Dilma Rousseff e Luiz In\u00e1cio Lula da Silva, os ex-ministros Guido Mantega e Antonio Palocci e o marqueteiro Jo\u00e3o Santana, al\u00e9m de governadores, ex-governadores e ex-parlamentares.<\/p>\n<p>Janot tamb\u00e9m estaria estudando se \u00e9 vi\u00e1vel juridicamente incluir Michel Temer como alvo de inqu\u00e9rito.<\/p>\n<p>O\u00a0presidente n\u00e3o pode ser investigado por atos cometidos fora do per\u00edodo do mandato, mas as dela\u00e7\u00f5es citam um jantar no Pal\u00e1cio do Jaburu com Marcelo Odebrecht, em 2014 \u2013 quando ele ainda era vice.<\/p>\n<p>Fonte: Folha de S\u00e3o Paulo<\/p>\n","protected":false},"excerpt":{"rendered":"<p>O procurador-geral da Rep\u00fablica, Rodrigo Janot, vai pedir nos pr\u00f3ximos dias para que o STF\u00a0(Supremo Tribunal Federal) abra inqu\u00e9rito para investigar uma s\u00e9rie de pol\u00edticos&#8230;<\/p>\n","protected":false},"author":1182,"featured_media":18182,"comment_status":"closed","ping_status":"closed","sticky":false,"template":"","format":"standard","meta":{"footnotes":""},"categories":[6],"tags":[],"class_list":["post-22763","post","type-post","status-publish","format-standard","has-post-thumbnail","hentry","category-noticias"],"_links":{"self":[{"href":"https:\/\/www.sincomam.org.br\/index.php\/wp-json\/wp\/v2\/posts\/22763","targetHints":{"allow":["GET"]}}],"collection":[{"href":"https:\/\/www.sincomam.org.br\/index.php\/wp-json\/wp\/v2\/posts"}],"about":[{"href":"https:\/\/www.sincomam.org.br\/index.php\/wp-json\/wp\/v2\/types\/post"}],"author":[{"embeddable":true,"href":"https:\/\/www.sincomam.org.br\/index.php\/wp-json\/wp\/v2\/users\/1182"}],"replies":[{"embeddable":true,"href":"https:\/\/www.sincomam.org.br\/index.php\/wp-json\/wp\/v2\/comments?post=22763"}],"version-history":[{"count":1,"href":"https:\/\/www.sincomam.org.br\/index.php\/wp-json\/wp\/v2\/posts\/22763\/revisions"}],"predecessor-version":[{"id":22764,"href":"https:\/\/www.sincomam.org.br\/index.php\/wp-json\/wp\/v2\/posts\/22763\/revisions\/22764"}],"wp:featuredmedia":[{"embeddable":true,"href":"https:\/\/www.sincomam.org.br\/index.php\/wp-json\/wp\/v2\/media\/18182"}],"wp:attachment":[{"href":"https:\/\/www.sincomam.org.br\/index.php\/wp-json\/wp\/v2\/media?parent=22763"}],"wp:term":[{"taxonomy":"category","embeddable":true,"href":"https:\/\/www.sincomam.org.br\/index.php\/wp-json\/wp\/v2\/categories?post=22763"},{"taxonomy":"post_tag","embeddable":true,"href":"https:\/\/www.sincomam.org.br\/index.php\/wp-json\/wp\/v2\/tags?post=22763"}],"curies":[{"name":"wp","href":"https:\/\/api.w.org\/{rel}","templated":true}]}}