{"id":22761,"date":"2017-03-06T00:05:46","date_gmt":"2017-03-06T03:05:46","guid":{"rendered":"http:\/\/www.sincomam.org.br\/?p=22761"},"modified":"2017-03-05T22:06:51","modified_gmt":"2017-03-06T01:06:51","slug":"casa-branca-pede-ao-congresso-para-investigar-obama-por-grampos","status":"publish","type":"post","link":"https:\/\/www.sincomam.org.br\/index.php\/casa-branca-pede-ao-congresso-para-investigar-obama-por-grampos\/","title":{"rendered":"Casa Branca pede ao Congresso para investigar Obama por grampos"},"content":{"rendered":"<p>A Casa Branca pediu neste domingo ao Congresso norte-americano que examine se a administra\u00e7\u00e3o do ex-presidente Barack Obama\u00a0abusou de sua \u201cautoridade investigativa\u201d executiva durante a campanha de 2016, como parte da investiga\u00e7\u00e3o do Congresso em andamento sobre a influ\u00eancia da R\u00fassia nas elei\u00e7\u00e3o presidencial.<\/p>\n<p>O pedido veio um dia depois que o presidente Donald Trump\u00a0alegou, sem evid\u00eancia de apoio, que o ent\u00e3o presidente Obama ordenou uma escuta telef\u00f4nica na Trump Tower, em Nova York, que era ent\u00e3o sede da campanha de Trump.<\/p>\n<p>O porta-voz da Casa Branca, Sean Spicer, disse que Trump e membros do governo n\u00e3o ter\u00e3o mais coment\u00e1rios sobre o assunto at\u00e9 que o Congresso tenha conclu\u00eddo sua investiga\u00e7\u00e3o, potencialmente eliminando tentativas fazer Trump explicar suas acusa\u00e7\u00f5es.<\/p>\n<p>\u201cRelat\u00f3rios sobre investiga\u00e7\u00f5es potencialmente motivadas politicamente logo antes da elei\u00e7\u00e3o de 2016 s\u00e3o muito preocupantes\u201d, disse Spicer, em um comunicado.<\/p>\n<p>O deputado norte-americano Devin Nunes, chefe do Comit\u00ea de Intelig\u00eancia da C\u00e2mara que examinando poss\u00edveis liga\u00e7\u00f5es entre a R\u00fassia e a campanha de Trump, disse em uma nota no domingo que qualquer vigil\u00e2ncia poss\u00edvel sobre funcion\u00e1rios da campanha seria parte da investiga\u00e7\u00e3o.<\/p>\n<p>Trump fez a acusa\u00e7\u00e3o de escutas telef\u00f4nicas em uma s\u00e9rie de tweets matutinos no s\u00e1bado, em meio ao escrut\u00ednio crescente dos la\u00e7os de sua campanha com a R\u00fassia. Um porta-voz de Obama negou a acusa\u00e7\u00e3o, dizendo que era \u201cuma regra fundamental\u201d que nenhum funcion\u00e1rio da Casa Branca interferisse com investiga\u00e7\u00f5es independentes do Departamento de Justi\u00e7a.<\/p>\n<p>Sob a lei dos EUA, um tribunal federal teria que ter encontrado causa prov\u00e1vel de que o alvo da vigil\u00e2ncia \u00e9 um \u201cagente de uma pot\u00eancia estrangeira\u201d, a fim de aprovar um mandado autorizando a vigil\u00e2ncia eletr\u00f4nica da Trump Tower.<\/p>\n<p>\u201cN\u00e3o houve tal atividade de escutas telef\u00f4nicas montadas contra o presidente eleito na \u00e9poca, ou como candidato ou contra sua campanha\u201d, disse \u00e0 rede NBC o ex-diretor de Intelig\u00eancia Nacional James Clapper, que deixou o cargo no final do mandato de Obama.<\/p>\n<p>A Casa Branca n\u00e3o ofereceu nenhuma evid\u00eancia neste domingo para apoiar a acusa\u00e7\u00e3o de Trump e n\u00e3o disse que era verdade.<\/p>\n<p>A porta-voz Sarah Huckabee Sanders disse na rede ABC que Trump \u201cdeixou bem claro o que ele acredita e est\u00e1 pedindo para irmos ao fundo disso. Vamos obter a verdade aqui\u201d.<\/p>\n<p>Fonte: Exame<\/p>\n","protected":false},"excerpt":{"rendered":"<p>A Casa Branca pediu neste domingo ao Congresso norte-americano que examine se a administra\u00e7\u00e3o do ex-presidente Barack Obama\u00a0abusou de sua \u201cautoridade investigativa\u201d executiva durante a&#8230;<\/p>\n","protected":false},"author":1182,"featured_media":21483,"comment_status":"closed","ping_status":"closed","sticky":false,"template":"","format":"standard","meta":{"footnotes":""},"categories":[6],"tags":[],"class_list":["post-22761","post","type-post","status-publish","format-standard","has-post-thumbnail","hentry","category-noticias"],"_links":{"self":[{"href":"https:\/\/www.sincomam.org.br\/index.php\/wp-json\/wp\/v2\/posts\/22761","targetHints":{"allow":["GET"]}}],"collection":[{"href":"https:\/\/www.sincomam.org.br\/index.php\/wp-json\/wp\/v2\/posts"}],"about":[{"href":"https:\/\/www.sincomam.org.br\/index.php\/wp-json\/wp\/v2\/types\/post"}],"author":[{"embeddable":true,"href":"https:\/\/www.sincomam.org.br\/index.php\/wp-json\/wp\/v2\/users\/1182"}],"replies":[{"embeddable":true,"href":"https:\/\/www.sincomam.org.br\/index.php\/wp-json\/wp\/v2\/comments?post=22761"}],"version-history":[{"count":1,"href":"https:\/\/www.sincomam.org.br\/index.php\/wp-json\/wp\/v2\/posts\/22761\/revisions"}],"predecessor-version":[{"id":22762,"href":"https:\/\/www.sincomam.org.br\/index.php\/wp-json\/wp\/v2\/posts\/22761\/revisions\/22762"}],"wp:featuredmedia":[{"embeddable":true,"href":"https:\/\/www.sincomam.org.br\/index.php\/wp-json\/wp\/v2\/media\/21483"}],"wp:attachment":[{"href":"https:\/\/www.sincomam.org.br\/index.php\/wp-json\/wp\/v2\/media?parent=22761"}],"wp:term":[{"taxonomy":"category","embeddable":true,"href":"https:\/\/www.sincomam.org.br\/index.php\/wp-json\/wp\/v2\/categories?post=22761"},{"taxonomy":"post_tag","embeddable":true,"href":"https:\/\/www.sincomam.org.br\/index.php\/wp-json\/wp\/v2\/tags?post=22761"}],"curies":[{"name":"wp","href":"https:\/\/api.w.org\/{rel}","templated":true}]}}