{"id":22759,"date":"2017-03-06T00:03:42","date_gmt":"2017-03-06T03:03:42","guid":{"rendered":"http:\/\/www.sincomam.org.br\/?p=22759"},"modified":"2017-03-05T22:05:36","modified_gmt":"2017-03-06T01:05:36","slug":"o-que-explica-o-maior-surto-de-febre-amarela-no-brasil","status":"publish","type":"post","link":"https:\/\/www.sincomam.org.br\/index.php\/o-que-explica-o-maior-surto-de-febre-amarela-no-brasil\/","title":{"rendered":"O que explica o maior surto de febre amarela no Brasil"},"content":{"rendered":"<p>Desde o in\u00edcio da s\u00e9rie hist\u00f3rica, o Brasil nunca viu um surto de febre amarela como o registrado nos \u00faltimos dois meses. At\u00e9 o \u00faltimo dia 02, o pa\u00eds j\u00e1 contabilizava 352 casos confirmados de febre amarela silvestre e 113 mortes confirmadas. Em 2000, data do \u00faltimo surto da doen\u00e7a, foram 85 e 39, respectivamente. Os dados come\u00e7aram a ser contados pelo Minist\u00e9rio da Sa\u00fade em 1980.<\/p>\n<p>Apesar dos n\u00fameros alarmantes, por enquanto, ainda n\u00e3o h\u00e1 registro de que a doen\u00e7a tenha atingido zonas urbanas, onde a patologia foi erradicada em 1942.<\/p>\n<p>Segundo especialistas, todos os casos foram transmitidos pelo mosquito Haemagogus, que vive em matas. Por isso, as pessoas infectadas na atual onda da doen\u00e7a ou moravam pr\u00f3ximas de florestas ou entraram nessas matas.<\/p>\n<p>\u201cUm surto de febre amarela silvestre nos seres humanos s\u00f3 acontece quando a popula\u00e7\u00e3o entra mata dentro. Esse mosquito n\u00e3o sobrevive em \u00e1reas urbanas, apenas em vegeta\u00e7\u00f5es\u201d, diz S\u00e9rvio Pontes, professor de ecologia e evolu\u00e7\u00e3o da Universidade Federal de Ouro Preto (UFOP).<\/p>\n<p>N\u00e3o existe, ainda, uma \u00fanica explica\u00e7\u00e3o para a prolifera\u00e7\u00e3o do v\u00edrus, mas os cientistas trabalham com duas hip\u00f3teses principais para entender como tudo come\u00e7ou.<\/p>\n<p>A principal delas \u00e9 de que o desmatamento e a extin\u00e7\u00e3o de esp\u00e9cies possam ter causado um desequil\u00edbrio ecol\u00f3gico nas matas brasileiras. \u201c\u00c9 poss\u00edvel que os mosquitos estejam em maior quantidade do que o suportado\u201d, diz S\u00e9rgio Lucena, professor de zoologia da Universidade Federal do Esp\u00edrito Santo (Ufes).<\/p>\n<p>\u201c\u00c9 muito importante que a popula\u00e7\u00e3o saiba que \u00e9 preciso preservar o meio ambiente para conter surtos de diversas doen\u00e7as. Quando os transmissores encontram um espa\u00e7o, eles nos contaminam com doen\u00e7as tropicais\u201d, afirma Pontes<\/p>\n<p>Lucena afirma que outra quest\u00e3o ainda sem resposta \u00e9 como a febre amarela est\u00e1 passando de uma floresta para outra, uma vez que os macacos n\u00e3o t\u00eam essa mobilidade.<\/p>\n<p>\u201cN\u00e3o podemos descartar a transmiss\u00e3o da doen\u00e7a pelo ser humano. Uma pessoa infectada, mas que n\u00e3o apresentou ainda os sintomas, ao ser picada novamente, pode contaminar o mosquito que o picar e assim, passar a doen\u00e7a adiante\u201d, diz.<\/p>\n<p>Pontes tamb\u00e9m alerta para o perigo que o desmatamento causa para a prolifera\u00e7\u00e3o de doen\u00e7as como essa. \u201c\u00c9 muito importante que a popula\u00e7\u00e3o saiba que \u00e9 preciso preservar o meio ambiente para conter surtos de diversas doen\u00e7as. Quando os transmissores encontram um espa\u00e7o, eles nos contaminam com doen\u00e7as tropicais\u201d<\/p>\n<p><strong>Preven\u00e7\u00e3o<\/strong><\/p>\n<p>At\u00e9 o momento, 19 estados mais o Distrito Federal t\u00eam indica\u00e7\u00e3o para a vacina contra febre amarela silvestre. Veja aqui a lista completa do Minist\u00e9rio da Sa\u00fade.<\/p>\n<p>Segundo Jos\u00e9 Carlos Magalh\u00e3es, bi\u00f3logo virologista da Universidade de S\u00e3o Jo\u00e3o del Rey, tomar a vacina protege em 95% o ser humano e impede que a doen\u00e7a se espalhe \u00e0s cidades. \u201cO Minist\u00e9rio da Sa\u00fade pede duas vacinas durante a vida: uma ap\u00f3s os 6 meses de idade e outra ap\u00f3s os 4 anos. Neste momento, para os grupos de risco, orienta-se que mesmo j\u00e1 vacinado, se tome um refor\u00e7o\u201d, afirma.<\/p>\n<p>Fazem parte do grupo de risco pessoas que moram em estados que concentram florestas silvestres, nas quais o mosquito Haemagogus se reproduz. Para esse grupo, a recomenda\u00e7\u00e3o \u00e9 n\u00e3o deixar \u00e1gua parada em casa.<\/p>\n<p>Fonte: Exame<\/p>\n","protected":false},"excerpt":{"rendered":"<p>Desde o in\u00edcio da s\u00e9rie hist\u00f3rica, o Brasil nunca viu um surto de febre amarela como o registrado nos \u00faltimos dois meses. At\u00e9 o \u00faltimo&#8230;<\/p>\n","protected":false},"author":1182,"featured_media":20572,"comment_status":"closed","ping_status":"closed","sticky":false,"template":"","format":"standard","meta":{"footnotes":""},"categories":[6],"tags":[],"class_list":["post-22759","post","type-post","status-publish","format-standard","has-post-thumbnail","hentry","category-noticias"],"_links":{"self":[{"href":"https:\/\/www.sincomam.org.br\/index.php\/wp-json\/wp\/v2\/posts\/22759","targetHints":{"allow":["GET"]}}],"collection":[{"href":"https:\/\/www.sincomam.org.br\/index.php\/wp-json\/wp\/v2\/posts"}],"about":[{"href":"https:\/\/www.sincomam.org.br\/index.php\/wp-json\/wp\/v2\/types\/post"}],"author":[{"embeddable":true,"href":"https:\/\/www.sincomam.org.br\/index.php\/wp-json\/wp\/v2\/users\/1182"}],"replies":[{"embeddable":true,"href":"https:\/\/www.sincomam.org.br\/index.php\/wp-json\/wp\/v2\/comments?post=22759"}],"version-history":[{"count":1,"href":"https:\/\/www.sincomam.org.br\/index.php\/wp-json\/wp\/v2\/posts\/22759\/revisions"}],"predecessor-version":[{"id":22760,"href":"https:\/\/www.sincomam.org.br\/index.php\/wp-json\/wp\/v2\/posts\/22759\/revisions\/22760"}],"wp:featuredmedia":[{"embeddable":true,"href":"https:\/\/www.sincomam.org.br\/index.php\/wp-json\/wp\/v2\/media\/20572"}],"wp:attachment":[{"href":"https:\/\/www.sincomam.org.br\/index.php\/wp-json\/wp\/v2\/media?parent=22759"}],"wp:term":[{"taxonomy":"category","embeddable":true,"href":"https:\/\/www.sincomam.org.br\/index.php\/wp-json\/wp\/v2\/categories?post=22759"},{"taxonomy":"post_tag","embeddable":true,"href":"https:\/\/www.sincomam.org.br\/index.php\/wp-json\/wp\/v2\/tags?post=22759"}],"curies":[{"name":"wp","href":"https:\/\/api.w.org\/{rel}","templated":true}]}}