{"id":22750,"date":"2017-03-08T00:00:54","date_gmt":"2017-03-08T03:00:54","guid":{"rendered":"http:\/\/www.sincomam.org.br\/?p=22750"},"modified":"2017-03-07T22:19:58","modified_gmt":"2017-03-08T01:19:58","slug":"com-recursos-de-r-3-mi-porto-de-cabedelo-voltara-a-operar-a-noite","status":"publish","type":"post","link":"https:\/\/www.sincomam.org.br\/index.php\/com-recursos-de-r-3-mi-porto-de-cabedelo-voltara-a-operar-a-noite\/","title":{"rendered":"Com recursos de R$ 3 mi, Porto de Cabedelo voltar\u00e1 a operar \u00e0 noite"},"content":{"rendered":"<p>Em aproximadamente\u00a0quatro meses o Porto de Cabedelo dever\u00e1 operar durante o per\u00edodo noturno. A informa\u00e7\u00e3o foi confirmada pela presidente\u00a0da Companhia Docas da Para\u00edba, Gilmara Temoteo, durante entrevista ao programa Rede Verdade, da TV Arapuan.<\/p>\n<p>De acordo com a presidente, o equipamento que vai possibilitar o trabalho noturno, no valor de R$ 3 milh\u00f5es, dever\u00e1 chegar \u00e0 Para\u00edba at\u00e9 o fim de mar\u00e7o e depois ser\u00e3o mais tr\u00eas meses para a sua instala\u00e7\u00e3o. As novas boias com sonar e ilumina\u00e7\u00e3o de LED deixar\u00e3o o porto preparado para receber libera\u00e7\u00e3o da Marinha\u00a0e funcionar no per\u00edodo noturno.<\/p>\n<p>\u201c\u00c9 uma obra de fundamental import\u00e2ncia porque nos \u00faltimos dez anos a Marinha do Brasil fez uma proibi\u00e7\u00e3o para o porto n\u00e3o pudesse atracar navios durante a noite por falta de boias que sinalizam onde as embarca\u00e7\u00f5es podem passar at\u00e9 chegar ao cais\u201d, afirmou.<\/p>\n<p>Gilmara tamb\u00e9m v\u00ea com bons olhos o projeto para construir uma terceira faixa da BR-230, entre Cabedelo e Oitizeiro. Para ela, obra vai dar uma nova movimenta\u00e7\u00e3o ao Porto, de onde saem cerca de 200 caminh\u00f5es por dia e tamb\u00e9m\u00a0\u00e9 transportado todo o combust\u00edvel que chega \u00e0 Para\u00edba.<\/p>\n<p>Questionada sobre a necessidade de um Porto de \u00c1guas Profundas, Gilmara considerou que essa discuss\u00e3o deve ser deixada de lado no momento por ser mais importante trabalhar na estrutura\u00e7\u00e3o do Porto de Cabedelo que tem se mostrado bastante vi\u00e1vel.<\/p>\n<p>Fonte: Mais PB<\/p>\n","protected":false},"excerpt":{"rendered":"<p>Em aproximadamente\u00a0quatro meses o Porto de Cabedelo dever\u00e1 operar durante o per\u00edodo noturno. A informa\u00e7\u00e3o foi confirmada pela presidente\u00a0da Companhia Docas da Para\u00edba, Gilmara Temoteo,&#8230;<\/p>\n","protected":false},"author":1182,"featured_media":18713,"comment_status":"closed","ping_status":"closed","sticky":false,"template":"","format":"standard","meta":{"footnotes":""},"categories":[6],"tags":[],"class_list":["post-22750","post","type-post","status-publish","format-standard","has-post-thumbnail","hentry","category-noticias"],"_links":{"self":[{"href":"https:\/\/www.sincomam.org.br\/index.php\/wp-json\/wp\/v2\/posts\/22750","targetHints":{"allow":["GET"]}}],"collection":[{"href":"https:\/\/www.sincomam.org.br\/index.php\/wp-json\/wp\/v2\/posts"}],"about":[{"href":"https:\/\/www.sincomam.org.br\/index.php\/wp-json\/wp\/v2\/types\/post"}],"author":[{"embeddable":true,"href":"https:\/\/www.sincomam.org.br\/index.php\/wp-json\/wp\/v2\/users\/1182"}],"replies":[{"embeddable":true,"href":"https:\/\/www.sincomam.org.br\/index.php\/wp-json\/wp\/v2\/comments?post=22750"}],"version-history":[{"count":1,"href":"https:\/\/www.sincomam.org.br\/index.php\/wp-json\/wp\/v2\/posts\/22750\/revisions"}],"predecessor-version":[{"id":22751,"href":"https:\/\/www.sincomam.org.br\/index.php\/wp-json\/wp\/v2\/posts\/22750\/revisions\/22751"}],"wp:featuredmedia":[{"embeddable":true,"href":"https:\/\/www.sincomam.org.br\/index.php\/wp-json\/wp\/v2\/media\/18713"}],"wp:attachment":[{"href":"https:\/\/www.sincomam.org.br\/index.php\/wp-json\/wp\/v2\/media?parent=22750"}],"wp:term":[{"taxonomy":"category","embeddable":true,"href":"https:\/\/www.sincomam.org.br\/index.php\/wp-json\/wp\/v2\/categories?post=22750"},{"taxonomy":"post_tag","embeddable":true,"href":"https:\/\/www.sincomam.org.br\/index.php\/wp-json\/wp\/v2\/tags?post=22750"}],"curies":[{"name":"wp","href":"https:\/\/api.w.org\/{rel}","templated":true}]}}