{"id":22748,"date":"2017-03-03T00:36:19","date_gmt":"2017-03-03T03:36:19","guid":{"rendered":"http:\/\/www.sincomam.org.br\/?p=22748"},"modified":"2017-03-02T20:41:48","modified_gmt":"2017-03-02T23:41:48","slug":"reducao-de-conteudo-local-ameaca-empregos-em-angra","status":"publish","type":"post","link":"https:\/\/www.sincomam.org.br\/index.php\/reducao-de-conteudo-local-ameaca-empregos-em-angra\/","title":{"rendered":"Redu\u00e7\u00e3o de conte\u00fado local amea\u00e7a empregos em Angra"},"content":{"rendered":"<p>Uma not\u00edcia anunciada recentemente pelo Minist\u00e9rio de Minas e Energia, da redu\u00e7\u00e3o em 50% em m\u00e9dia, dos percentuais de conte\u00fado local (CL) para as empresas de produ\u00e7\u00e3o e explora\u00e7\u00e3o de \u00f3leo e g\u00e1s natural no Brasil, caiu como uma \u201cbomba\u201d no setor, que teme novas demiss\u00f5es com a diminui\u00e7\u00e3o de obras a ser realizada no pa\u00eds. A presidente do Sindicato dos Metal\u00fargicos da regi\u00e3o Costa Verde, Cristiane Marcolino, o diretor Executivo, Manoel Sales, o Manoelzinho, e assessoria, estiveram no gabinete do prefeito Fernando Jord\u00e3o para conversar.<\/p>\n<p>O Sindicato se reunir\u00e1 com lideran\u00e7as de outros sindicatos dos trabalhadores da constru\u00e7\u00e3o naval para unir for\u00e7a para uma grande mobiliza\u00e7\u00e3o por parte dos metal\u00fargicos, na tentativa de fazer o Governo Federal recuar da sua decis\u00e3o, que prejudicar\u00e1 muito o setor e causar\u00e1 demiss\u00f5es em massa.<\/p>\n<p>Antes da decis\u00e3o do presidente Michel Temer, as empresas tinham que realizar 65% de seus empreendimentos no Brasil, agora, apenas 25% dos equipamentos e servi\u00e7os precisam ser adquiridos de fabricantes ou prestadores de servi\u00e7os brasileiros, abrindo brecha para que, parte do que antes seria comprado ou fabricado no pa\u00eds seja adquirido no exterior.<\/p>\n<p><strong>Reuni\u00e3o entre representantes do sindicato e o prefeito<\/strong><\/p>\n<p>Nesta sexta-feira, 3, o prefeito se reunir\u00e1 com o prefeito de Niter\u00f3i, Rodrigo Neves Barreto e no dia 8 ele vai a Bras\u00edlia, onde pretende se reunir com ministros e secret\u00e1rios ligados ao setor, para tentar sensibilizar a presid\u00eancia da Rep\u00fablica sobre o risco que a medida traz para a constru\u00e7\u00e3o naval brasileira.<\/p>\n<p>Fonte: Angra News<\/p>\n","protected":false},"excerpt":{"rendered":"<p>Uma not\u00edcia anunciada recentemente pelo Minist\u00e9rio de Minas e Energia, da redu\u00e7\u00e3o em 50% em m\u00e9dia, dos percentuais de conte\u00fado local (CL) para as empresas&#8230;<\/p>\n","protected":false},"author":1182,"featured_media":18586,"comment_status":"closed","ping_status":"closed","sticky":false,"template":"","format":"standard","meta":{"footnotes":""},"categories":[6],"tags":[],"class_list":["post-22748","post","type-post","status-publish","format-standard","has-post-thumbnail","hentry","category-noticias"],"_links":{"self":[{"href":"https:\/\/www.sincomam.org.br\/index.php\/wp-json\/wp\/v2\/posts\/22748","targetHints":{"allow":["GET"]}}],"collection":[{"href":"https:\/\/www.sincomam.org.br\/index.php\/wp-json\/wp\/v2\/posts"}],"about":[{"href":"https:\/\/www.sincomam.org.br\/index.php\/wp-json\/wp\/v2\/types\/post"}],"author":[{"embeddable":true,"href":"https:\/\/www.sincomam.org.br\/index.php\/wp-json\/wp\/v2\/users\/1182"}],"replies":[{"embeddable":true,"href":"https:\/\/www.sincomam.org.br\/index.php\/wp-json\/wp\/v2\/comments?post=22748"}],"version-history":[{"count":1,"href":"https:\/\/www.sincomam.org.br\/index.php\/wp-json\/wp\/v2\/posts\/22748\/revisions"}],"predecessor-version":[{"id":22749,"href":"https:\/\/www.sincomam.org.br\/index.php\/wp-json\/wp\/v2\/posts\/22748\/revisions\/22749"}],"wp:featuredmedia":[{"embeddable":true,"href":"https:\/\/www.sincomam.org.br\/index.php\/wp-json\/wp\/v2\/media\/18586"}],"wp:attachment":[{"href":"https:\/\/www.sincomam.org.br\/index.php\/wp-json\/wp\/v2\/media?parent=22748"}],"wp:term":[{"taxonomy":"category","embeddable":true,"href":"https:\/\/www.sincomam.org.br\/index.php\/wp-json\/wp\/v2\/categories?post=22748"},{"taxonomy":"post_tag","embeddable":true,"href":"https:\/\/www.sincomam.org.br\/index.php\/wp-json\/wp\/v2\/tags?post=22748"}],"curies":[{"name":"wp","href":"https:\/\/api.w.org\/{rel}","templated":true}]}}