{"id":22746,"date":"2017-03-03T00:34:29","date_gmt":"2017-03-03T03:34:29","guid":{"rendered":"http:\/\/www.sincomam.org.br\/?p=22746"},"modified":"2017-03-02T20:36:09","modified_gmt":"2017-03-02T23:36:09","slug":"governo-mantem-sob-sigilo-concessao-de-r-398-milhoes-do-porto-de-salvador","status":"publish","type":"post","link":"https:\/\/www.sincomam.org.br\/index.php\/governo-mantem-sob-sigilo-concessao-de-r-398-milhoes-do-porto-de-salvador\/","title":{"rendered":"Governo mant\u00e9m sob sigilo concess\u00e3o de R$ 398 milh\u00f5es do porto de Salvador"},"content":{"rendered":"<p>O Minist\u00e9rio dos Transportes decidiu manter sob sigilo o acordo que antecipou a prorroga\u00e7\u00e3o, por mais 25 anos, da concess\u00e3o do porto de Salvador. O acerto, assinado em 16 de novembro de 2016, envolve investimentos da ordem de R$ 398 milh\u00f5es.<\/p>\n<p>O acordo determina que parte dos investimentos seja destinada \u00e0 amplia\u00e7\u00e3o do cais. A estrutura passar\u00e1 dos atuais 357 metros de comprimento para 800 metros. Para isto, ser\u00e1 necess\u00e1rio fazer 1 aterro no mar, de acordo com informa\u00e7\u00f5es divulgadas pela pr\u00f3pria empresa.<\/p>\n<p>O terminal de cargas baiano \u00e9 o 8\u00ba mais movimentado do pa\u00eds, operado por uma subsidi\u00e1ria da empresa Wilson Sons. Em 2015, teve circula\u00e7\u00e3o de 4,3 milh\u00f5es de toneladas de mercadorias.<\/p>\n<p>No mesmo dia em que assinou a renova\u00e7\u00e3o do porto de Salvador, o ministro Maur\u00edcio Quintella (Transportes) tamb\u00e9m renovou a concess\u00e3o do terminal de fertilizantes do porto de Paranagu\u00e1, no Paran\u00e1. Somadas, as duas opera\u00e7\u00f5es preveem investimentos de R$ 849,5 milh\u00f5es, segundo o minist\u00e9rio. No Paran\u00e1, a empresa beneficiada \u00e9 a Fospar S\/A.<\/p>\n<p>A Procuradoria da Rep\u00fablica no Distrito Federal (PRDF) instaurou na \u00faltima 2\u00aa feira (20.fev.2017) 1 procedimento preparat\u00f3rio para avaliar se h\u00e1 alguma ilegalidade no processo e na manuten\u00e7\u00e3o do sigilo do acordo sobre o porto de Salvador.<\/p>\n<p>Se for constatada irregularidade, o MPF pode iniciar 1 inqu\u00e9rito. O procedimento do Minist\u00e9rio P\u00fablico partiu de uma representa\u00e7\u00e3o feita pelo l\u00edder do PT na C\u00e2mara, deputado Carlos Zarattini (SP), questionando o sigilo da renova\u00e7\u00e3o.<\/p>\n<p>As renova\u00e7\u00f5es dos portos foram algumas das primeiras a\u00e7\u00f5es concretas do Programa de Parcerias de Investimentos (PPI), sob responsabilidade do ent\u00e3o secret\u00e1rio e hoje ministro Moreira Franco.<\/p>\n<p>Embora tenha participado da assinatura dos contratos, em Bras\u00edlia, Moreira n\u00e3o estava envolvido nas negocia\u00e7\u00f5es para renova\u00e7\u00e3o.<\/p>\n<p>OUTROS LADOS<\/p>\n<p>A empresa Wilson Sons e o Minist\u00e9rio dos Transportes foram contatados pela reportagem em 23 de fevereiro para coment\u00e1rios. N\u00e3o houve resposta de nenhuma das partes at\u00e9 a conclus\u00e3o\u00a0desta reportagem.<\/p>\n<p>Fonte: Poder 360<\/p>\n","protected":false},"excerpt":{"rendered":"<p>O Minist\u00e9rio dos Transportes decidiu manter sob sigilo o acordo que antecipou a prorroga\u00e7\u00e3o, por mais 25 anos, da concess\u00e3o do porto de Salvador. O&#8230;<\/p>\n","protected":false},"author":1182,"featured_media":19106,"comment_status":"closed","ping_status":"closed","sticky":false,"template":"","format":"standard","meta":{"footnotes":""},"categories":[6],"tags":[],"class_list":["post-22746","post","type-post","status-publish","format-standard","has-post-thumbnail","hentry","category-noticias"],"_links":{"self":[{"href":"https:\/\/www.sincomam.org.br\/index.php\/wp-json\/wp\/v2\/posts\/22746","targetHints":{"allow":["GET"]}}],"collection":[{"href":"https:\/\/www.sincomam.org.br\/index.php\/wp-json\/wp\/v2\/posts"}],"about":[{"href":"https:\/\/www.sincomam.org.br\/index.php\/wp-json\/wp\/v2\/types\/post"}],"author":[{"embeddable":true,"href":"https:\/\/www.sincomam.org.br\/index.php\/wp-json\/wp\/v2\/users\/1182"}],"replies":[{"embeddable":true,"href":"https:\/\/www.sincomam.org.br\/index.php\/wp-json\/wp\/v2\/comments?post=22746"}],"version-history":[{"count":1,"href":"https:\/\/www.sincomam.org.br\/index.php\/wp-json\/wp\/v2\/posts\/22746\/revisions"}],"predecessor-version":[{"id":22747,"href":"https:\/\/www.sincomam.org.br\/index.php\/wp-json\/wp\/v2\/posts\/22746\/revisions\/22747"}],"wp:featuredmedia":[{"embeddable":true,"href":"https:\/\/www.sincomam.org.br\/index.php\/wp-json\/wp\/v2\/media\/19106"}],"wp:attachment":[{"href":"https:\/\/www.sincomam.org.br\/index.php\/wp-json\/wp\/v2\/media?parent=22746"}],"wp:term":[{"taxonomy":"category","embeddable":true,"href":"https:\/\/www.sincomam.org.br\/index.php\/wp-json\/wp\/v2\/categories?post=22746"},{"taxonomy":"post_tag","embeddable":true,"href":"https:\/\/www.sincomam.org.br\/index.php\/wp-json\/wp\/v2\/tags?post=22746"}],"curies":[{"name":"wp","href":"https:\/\/api.w.org\/{rel}","templated":true}]}}