{"id":22693,"date":"2017-02-22T10:52:54","date_gmt":"2017-02-22T13:52:54","guid":{"rendered":"http:\/\/www.sincomam.org.br\/?p=22693"},"modified":"2017-02-22T10:52:54","modified_gmt":"2017-02-22T13:52:54","slug":"avancam-obras-da-bacia-de-evolucao-de-itajai","status":"publish","type":"post","link":"https:\/\/www.sincomam.org.br\/index.php\/avancam-obras-da-bacia-de-evolucao-de-itajai\/","title":{"rendered":"Avan\u00e7am obras da bacia de evolu\u00e7\u00e3o de Itaja\u00ed"},"content":{"rendered":"<p>Com investimentos aproximados na ordem de R$ 105 milh\u00f5es pelo Governo do Estado via Secretaria de Estado da Infraestrutura (SIE), as obras da primeira etapa dos novos acessos aquavi\u00e1rios (Bacia de Evolu\u00e7\u00e3o) do Complexo Portu\u00e1rio de Itaja\u00ed \u201cseguem a todo o vapor\u201d.<\/p>\n<p>Constantemente supervisionada pela Superintend\u00eancia do Porto de Itaja\u00ed, diretores das Ger\u00eancias de Meio Ambiente e Engenharia, realizam visitas peri\u00f3dicas no canteiro de obras com a finalidade de acompanhar estudos topogr\u00e1ficos, remo\u00e7\u00e3o de pedras nos molhes norte e transversais assim como sua remo\u00e7\u00e3o do local das obras, readequa\u00e7\u00e3o dos molhes, retirada de guias correntes (Saco da Fazenda), acompanhamento operacional de dragagens (canal de navega\u00e7\u00e3o\/Bacia de Evolu\u00e7\u00e3o\/atraca\u00e7\u00e3o e manobra) nos molhes, controle e classifica\u00e7\u00e3o do tamanho das pedras para refor\u00e7o no molhe norte, manuten\u00e7\u00e3o do canteiro e limpeza da via de acesso, execu\u00e7\u00e3o dos Programas B\u00e1sicos Ambientais, entre outros servi\u00e7os.<\/p>\n<p>\u201cEstas obras de Reestrutura\u00e7\u00e3o do Canal de Acesso Aquavi\u00e1rio e nova Bacia de Evolu\u00e7\u00e3o est\u00e3o sendo executadas pelas empresas contratadas e seguem atendimentos \u00e0s licen\u00e7as e controles ambientais. Temos um Programa de Comunica\u00e7\u00e3o Social onde a comunidade pode acompanhar as etapas e pr\u00f3ximas a\u00e7\u00f5es ou interven\u00e7\u00f5es que a obra poder\u00e1 apresentar. Contamos ainda com um Plano de Gerenciamento de Res\u00edduos S\u00f3lidos do canteiro de obras e maquin\u00e1rios utilizados. Nossos programas de Educa\u00e7\u00e3o Ambiental em parceria com os trabalhadores das empresas est\u00e3o sendo fundamentais para estudantes de Escolas e acad\u00eamicos de Universidades, que visitam as obras. Se constatarmos vazamentos de \u00f3leo, um controle de emerg\u00eancia com a opera\u00e7\u00e3o de base operando 24 horas no Porto estar\u00e1 dispon\u00edvel. Tamb\u00e9m em atendimento a Legisla\u00e7\u00e3o Ambiental, seguimos programas de monitoramento de ru\u00eddos de emiss\u00e3o de gases poluentes, dos equipamentos e maquin\u00e1rios operando no canteiro de obras assim como sua devida manuten\u00e7\u00e3o\u201d, destacou a Gerente de Meio Ambiente da superintend\u00eancia do Porto de Itaja\u00ed, M\u00e9delin Pitrez dos Santos.<\/p>\n<p>Desde que iniciaram as obras em mar\u00e7o de 2016, diariamente equipes de servi\u00e7o das empresas contratadas pela execu\u00e7\u00e3o (TRIUNFO Engenharia) e fiscaliza\u00e7\u00e3o (PROSUL), cumprem diversas etapas de servi\u00e7os nas obras de Reestrutura\u00e7\u00e3o do Canal de Acesso Aquavi\u00e1rio do Complexo Portu\u00e1rio de Itaja\u00ed, com o objetivo de entregar as obras no prazo estipulado, em agosto de 2017, \u201cO efetivo di\u00e1rio conta com o revezamento de 65 trabalhadores que disp\u00f5em de maquin\u00e1rios pesados para esta modalidade de servi\u00e7o como: guindastes (02), retroescavadeiras (04), caminh\u00f5es basculantes e pipa (04), draga (01) e balsa (01). At\u00e9 o momento foram contabilizados 305 dias de trabalho no canteiro de obras\u201d, certificou Ivan Amaral, Engenheiro da secretaria de Estado da Infraestrutura.<\/p>\n<p>De acordo com o Superintendente do Porto de Itaja\u00ed, Eng. Marcelo Werner Salles, visivelmente a obra pode ser acompanhada e a empresa vem realizando os servi\u00e7os dentro dos seus cronogramas com o intuito de entregar no seu devido prazo, no transcorrer de 2017, \u201cEstamos entusiasmados com o andamento da obra. Em seus conceitos gerais, trata-se de uma obra de grande porte. Ela vem mantendo se num ritmo de celeridade. Sabemos que tem seus contra tempos, como as condi\u00e7\u00f5es do mar e operacionais, mas j\u00e1 \u00e9 poss\u00edvel tra\u00e7ar uma defini\u00e7\u00e3o e dimens\u00e3o\u201d, refor\u00e7ou Salles.<\/p>\n","protected":false},"excerpt":{"rendered":"<p>Com investimentos aproximados na ordem de R$ 105 milh\u00f5es pelo Governo do Estado via Secretaria de Estado da Infraestrutura (SIE), as obras da primeira etapa&#8230;<\/p>\n","protected":false},"author":1182,"featured_media":19106,"comment_status":"closed","ping_status":"closed","sticky":false,"template":"","format":"standard","meta":{"footnotes":""},"categories":[6],"tags":[],"class_list":["post-22693","post","type-post","status-publish","format-standard","has-post-thumbnail","hentry","category-noticias"],"_links":{"self":[{"href":"https:\/\/www.sincomam.org.br\/index.php\/wp-json\/wp\/v2\/posts\/22693","targetHints":{"allow":["GET"]}}],"collection":[{"href":"https:\/\/www.sincomam.org.br\/index.php\/wp-json\/wp\/v2\/posts"}],"about":[{"href":"https:\/\/www.sincomam.org.br\/index.php\/wp-json\/wp\/v2\/types\/post"}],"author":[{"embeddable":true,"href":"https:\/\/www.sincomam.org.br\/index.php\/wp-json\/wp\/v2\/users\/1182"}],"replies":[{"embeddable":true,"href":"https:\/\/www.sincomam.org.br\/index.php\/wp-json\/wp\/v2\/comments?post=22693"}],"version-history":[{"count":1,"href":"https:\/\/www.sincomam.org.br\/index.php\/wp-json\/wp\/v2\/posts\/22693\/revisions"}],"predecessor-version":[{"id":22694,"href":"https:\/\/www.sincomam.org.br\/index.php\/wp-json\/wp\/v2\/posts\/22693\/revisions\/22694"}],"wp:featuredmedia":[{"embeddable":true,"href":"https:\/\/www.sincomam.org.br\/index.php\/wp-json\/wp\/v2\/media\/19106"}],"wp:attachment":[{"href":"https:\/\/www.sincomam.org.br\/index.php\/wp-json\/wp\/v2\/media?parent=22693"}],"wp:term":[{"taxonomy":"category","embeddable":true,"href":"https:\/\/www.sincomam.org.br\/index.php\/wp-json\/wp\/v2\/categories?post=22693"},{"taxonomy":"post_tag","embeddable":true,"href":"https:\/\/www.sincomam.org.br\/index.php\/wp-json\/wp\/v2\/tags?post=22693"}],"curies":[{"name":"wp","href":"https:\/\/api.w.org\/{rel}","templated":true}]}}