{"id":22691,"date":"2017-02-22T10:51:27","date_gmt":"2017-02-22T13:51:27","guid":{"rendered":"http:\/\/www.sincomam.org.br\/?p=22691"},"modified":"2017-02-22T10:51:27","modified_gmt":"2017-02-22T13:51:27","slug":"delacao-de-sergio-machado-continuara-sem-sigilo-decide-stf","status":"publish","type":"post","link":"https:\/\/www.sincomam.org.br\/index.php\/delacao-de-sergio-machado-continuara-sem-sigilo-decide-stf\/","title":{"rendered":"Dela\u00e7\u00e3o de S\u00e9rgio Machado continuar\u00e1 sem sigilo, decide STF"},"content":{"rendered":"<p>A dela\u00e7\u00e3o do ex-presidente da Transpetro S\u00e9rgio Machado continuar\u00e1 tramitando sem segredo de justi\u00e7a, decidiu a segunda turma do Supremo Tribunal Federal (STF) nesta ter\u00e7a-feira. A defesa havia solicitado \u00e0 Corte que a colabora\u00e7\u00e3o voltasse a ser sigilosa, mas os ministros da turma foram un\u00e2nimes ao negar o agravo.<\/p>\n<p>Machado admitiu, na colabora\u00e7\u00e3o premiada, repasse de propina a 28 pol\u00edticos, entre eles os senadores Renan Calheiros, Romero Juc\u00e1, Edison Lob\u00e3o &#8211; todos do PMDB &#8211; e A\u00e9cio Neves (PSDB). Ele tamb\u00e9m cita que o presidente Michel Temer pediu doa\u00e7\u00e3o de R$ 1,5 milh\u00e3o da construtora Queiroz Galv\u00e3o para a campanha de Gabriel Chalita (\u00e0 \u00e9poca do PMDB) \u00e0 Prefeitura de S\u00e3o Paulo.<\/p>\n<p>O STF j\u00e1 autorizou \u201cprocedimentos preliminares\u201d para apurar os fatos narrados pelo delator. H\u00e1 duas semanas, o relator da Opera\u00e7\u00e3o Lava-Jato no Supremo, Edson Fachin, autorizou abertura de inqu\u00e9rito para investigar Machado, Renan, Juc\u00e1 e o ex-presidente Jos\u00e9 Sarney, tamb\u00e9m do PMDB.<\/p>\n<p>Fachin negou o pedido da defesa de Machado e manteve a dela\u00e7\u00e3o p\u00fablica, conforme j\u00e1 havia decidido seu antecessor, ministro Teori Zavascki, morto em janeiro em um desastre a\u00e9reo. O voto do novo relator foi seguido pelos ministros Dias Toffoli, Ricardo Lewandowski, Celso de Mello e Gilmar Mendes. \u201cNesses casos em que est\u00e3o envolvidos casos de corrup\u00e7\u00e3o em alto n\u00edvel, aquilo que interessa \u00e0 sociedade deve vir \u00e0 luz\u201d, justificou Lewandowski.<\/p>\n<p>Fonte: Valor<\/p>\n","protected":false},"excerpt":{"rendered":"<p>A dela\u00e7\u00e3o do ex-presidente da Transpetro S\u00e9rgio Machado continuar\u00e1 tramitando sem segredo de justi\u00e7a, decidiu a segunda turma do Supremo Tribunal Federal (STF) nesta ter\u00e7a-feira&#8230;.<\/p>\n","protected":false},"author":1182,"featured_media":17937,"comment_status":"closed","ping_status":"closed","sticky":false,"template":"","format":"standard","meta":{"footnotes":""},"categories":[6],"tags":[],"class_list":["post-22691","post","type-post","status-publish","format-standard","has-post-thumbnail","hentry","category-noticias"],"_links":{"self":[{"href":"https:\/\/www.sincomam.org.br\/index.php\/wp-json\/wp\/v2\/posts\/22691","targetHints":{"allow":["GET"]}}],"collection":[{"href":"https:\/\/www.sincomam.org.br\/index.php\/wp-json\/wp\/v2\/posts"}],"about":[{"href":"https:\/\/www.sincomam.org.br\/index.php\/wp-json\/wp\/v2\/types\/post"}],"author":[{"embeddable":true,"href":"https:\/\/www.sincomam.org.br\/index.php\/wp-json\/wp\/v2\/users\/1182"}],"replies":[{"embeddable":true,"href":"https:\/\/www.sincomam.org.br\/index.php\/wp-json\/wp\/v2\/comments?post=22691"}],"version-history":[{"count":1,"href":"https:\/\/www.sincomam.org.br\/index.php\/wp-json\/wp\/v2\/posts\/22691\/revisions"}],"predecessor-version":[{"id":22692,"href":"https:\/\/www.sincomam.org.br\/index.php\/wp-json\/wp\/v2\/posts\/22691\/revisions\/22692"}],"wp:featuredmedia":[{"embeddable":true,"href":"https:\/\/www.sincomam.org.br\/index.php\/wp-json\/wp\/v2\/media\/17937"}],"wp:attachment":[{"href":"https:\/\/www.sincomam.org.br\/index.php\/wp-json\/wp\/v2\/media?parent=22691"}],"wp:term":[{"taxonomy":"category","embeddable":true,"href":"https:\/\/www.sincomam.org.br\/index.php\/wp-json\/wp\/v2\/categories?post=22691"},{"taxonomy":"post_tag","embeddable":true,"href":"https:\/\/www.sincomam.org.br\/index.php\/wp-json\/wp\/v2\/tags?post=22691"}],"curies":[{"name":"wp","href":"https:\/\/api.w.org\/{rel}","templated":true}]}}