{"id":22684,"date":"2017-02-22T00:25:03","date_gmt":"2017-02-22T03:25:03","guid":{"rendered":"http:\/\/www.sincomam.org.br\/?p=22684"},"modified":"2017-02-21T08:25:56","modified_gmt":"2017-02-21T11:25:56","slug":"previa-de-indice-de-confianca-da-industria-aponta-queda-no-mes","status":"publish","type":"post","link":"https:\/\/www.sincomam.org.br\/index.php\/previa-de-indice-de-confianca-da-industria-aponta-queda-no-mes\/","title":{"rendered":"Pr\u00e9via de \u00edndice de confian\u00e7a da ind\u00fastria aponta queda no m\u00eas"},"content":{"rendered":"<p>A pr\u00e9via do \u00cdndice de Confian\u00e7a da Ind\u00fastria (ICI) de fevereiro caiu 1,8 ponto, para 87,2 pontos, devolvendo parte da alta de 4,3 pontos do indicador de janeiro &#8211; que subiu para 89 pontos, informou a Funda\u00e7\u00e3o Getulio Vargas (FGV). No entanto, o \u00edndice de m\u00e9dia m\u00f3vel trimestral, usado para mensurar tend\u00eancias, indicou alta de 0,3 ponto, para 87 pontos, no resultado preliminar.<\/p>\n<p>Para a funda\u00e7\u00e3o, a queda na pr\u00e9via foi considerada &#8220;ponto fora da curva&#8221; e n\u00e3o implica t\u00e9rmino de tend\u00eancia positiva na confian\u00e7a do empres\u00e1rio da ind\u00fastria, iniciada no come\u00e7o deste ano. Na avalia\u00e7\u00e3o da coordenadora da Sondagem da Ind\u00fastria da FGV, Tabi Thuler, o resultado preliminar do ICI indica &#8220;um ajuste, um calibragem&#8221; para baixo no patamar da confian\u00e7a.<\/p>\n<p>&#8220;Estamos interpretando este resultado como &#8216;devolu\u00e7\u00e3o&#8217; do resultado de janeiro&#8221;, afirmou. &#8220;Esta queda n\u00e3o muda tend\u00eancia da confian\u00e7a, que ainda \u00e9 de alta.&#8221;<\/p>\n<p>O ICI \u00e9 o indicador-s\u00edntese da Sondagem da Ind\u00fastria, cujo resultado final ser\u00e1 divulgado na sexta-feira. A pr\u00e9via engloba entrevistas com 783 empresas, o que representa dois ter\u00e7os do universo total da pesquisa. No resultado preliminar, houve piora tanto das considera\u00e7\u00f5es sobre a situa\u00e7\u00e3o atual quanto das perspectivas para os meses seguintes.<\/p>\n<p>Fonte: Valor<\/p>\n","protected":false},"excerpt":{"rendered":"<p>A pr\u00e9via do \u00cdndice de Confian\u00e7a da Ind\u00fastria (ICI) de fevereiro caiu 1,8 ponto, para 87,2 pontos, devolvendo parte da alta de 4,3 pontos do&#8230;<\/p>\n","protected":false},"author":1182,"featured_media":18713,"comment_status":"closed","ping_status":"closed","sticky":false,"template":"","format":"standard","meta":{"footnotes":""},"categories":[6],"tags":[],"class_list":["post-22684","post","type-post","status-publish","format-standard","has-post-thumbnail","hentry","category-noticias"],"_links":{"self":[{"href":"https:\/\/www.sincomam.org.br\/index.php\/wp-json\/wp\/v2\/posts\/22684","targetHints":{"allow":["GET"]}}],"collection":[{"href":"https:\/\/www.sincomam.org.br\/index.php\/wp-json\/wp\/v2\/posts"}],"about":[{"href":"https:\/\/www.sincomam.org.br\/index.php\/wp-json\/wp\/v2\/types\/post"}],"author":[{"embeddable":true,"href":"https:\/\/www.sincomam.org.br\/index.php\/wp-json\/wp\/v2\/users\/1182"}],"replies":[{"embeddable":true,"href":"https:\/\/www.sincomam.org.br\/index.php\/wp-json\/wp\/v2\/comments?post=22684"}],"version-history":[{"count":1,"href":"https:\/\/www.sincomam.org.br\/index.php\/wp-json\/wp\/v2\/posts\/22684\/revisions"}],"predecessor-version":[{"id":22685,"href":"https:\/\/www.sincomam.org.br\/index.php\/wp-json\/wp\/v2\/posts\/22684\/revisions\/22685"}],"wp:featuredmedia":[{"embeddable":true,"href":"https:\/\/www.sincomam.org.br\/index.php\/wp-json\/wp\/v2\/media\/18713"}],"wp:attachment":[{"href":"https:\/\/www.sincomam.org.br\/index.php\/wp-json\/wp\/v2\/media?parent=22684"}],"wp:term":[{"taxonomy":"category","embeddable":true,"href":"https:\/\/www.sincomam.org.br\/index.php\/wp-json\/wp\/v2\/categories?post=22684"},{"taxonomy":"post_tag","embeddable":true,"href":"https:\/\/www.sincomam.org.br\/index.php\/wp-json\/wp\/v2\/tags?post=22684"}],"curies":[{"name":"wp","href":"https:\/\/api.w.org\/{rel}","templated":true}]}}