{"id":22678,"date":"2017-02-21T08:23:04","date_gmt":"2017-02-21T11:23:04","guid":{"rendered":"http:\/\/www.sincomam.org.br\/?p=22678"},"modified":"2017-02-21T08:23:04","modified_gmt":"2017-02-21T11:23:04","slug":"projeto-fixa-na-lei-prazo-de-25-anos-para-contratos-portuarios","status":"publish","type":"post","link":"https:\/\/www.sincomam.org.br\/index.php\/projeto-fixa-na-lei-prazo-de-25-anos-para-contratos-portuarios\/","title":{"rendered":"Projeto fixa na lei prazo de 25 anos para contratos portu\u00e1rios"},"content":{"rendered":"<p>Tramita na C\u00e2mara dos Deputados proposta que fixa prazo de 25 anos para os contratos de concess\u00e3o e arrendamento de portos e instala\u00e7\u00f5es portu\u00e1rias. Esse prazo poder\u00e1, a crit\u00e9rio do poder concedente, ser prorrogado por qualquer per\u00edodo, at\u00e9 atingir o prazo m\u00e1ximo total de 50 anos.<\/p>\n<p>A medida est\u00e1 prevista no Projeto de Lei 5349\/16, do deputado Edinho Bez (PMDB-SC), que acrescenta um par\u00e1grafo \u00e0 Lei dos Portos (12.815\/13). A parte que tratava de prazo na lei foi vetada em 2013 pela ent\u00e3o presidente Dilma Rousseff. O texto original da lei previa concess\u00e3o e arrendamento por 25 anos, permitida a prorroga\u00e7\u00e3o uma \u00fanica vez at\u00e9 atingir o prazo m\u00e1ximo de 50 anos.<\/p>\n<p>Com o veto, coube ao Decreto 8.033\/13, que regulamenta a Lei dos Portos, estabelecer o prazo de at\u00e9 25 anos para tais contratos, prorrog\u00e1vel uma \u00fanica vez por per\u00edodo n\u00e3o superior ao originalmente contratado.<\/p>\n<p>Edinho Bez apresentou o PL 5349\/16 por n\u00e3o concordar com a restri\u00e7\u00e3o \u00e0 prorroga\u00e7\u00e3o. \u201cO engessamento da regra pode trazer preju\u00edzos para a Uni\u00e3o e para os parceiros privados, uma vez que n\u00e3o leva em conta as poss\u00edveis mudan\u00e7as de cen\u00e1rio no momento da renova\u00e7\u00e3o. O melhor \u00e9 deixar que as partes definam, no momento da renova\u00e7\u00e3o e diante das condi\u00e7\u00f5es apresentadas na \u00e9poca, o prazo que melhor atenda ao interesse p\u00fablico\u201d, explica.<\/p>\n<p>Ainda segundo ele, o prazo deve ser tratado na Lei dos Portos, onde houve o dispositivo vetado, e n\u00e3o no decreto de regulamenta\u00e7\u00e3o. \u201cEssas regras devem estar consignadas em lei para evitar que assunto de tal magnitude fique vulner\u00e1vel a decis\u00f5es governamentais de momento\u201d, justifica.<\/p>\n<p>Tramita\u00e7\u00e3o<br \/>O projeto tramita em car\u00e1ter conclusivo e ser\u00e1 analisado pelas comiss\u00f5es de Via\u00e7\u00e3o e Transportes; e de Constitui\u00e7\u00e3o e Justi\u00e7a e de Cidadania.<\/p>\n<p>Fonte: Ag\u00eancia C\u00e2mara<\/p>\n","protected":false},"excerpt":{"rendered":"<p>Tramita na C\u00e2mara dos Deputados proposta que fixa prazo de 25 anos para os contratos de concess\u00e3o e arrendamento de portos e instala\u00e7\u00f5es portu\u00e1rias. Esse&#8230;<\/p>\n","protected":false},"author":1182,"featured_media":22095,"comment_status":"closed","ping_status":"closed","sticky":false,"template":"","format":"standard","meta":{"footnotes":""},"categories":[6],"tags":[],"class_list":["post-22678","post","type-post","status-publish","format-standard","has-post-thumbnail","hentry","category-noticias"],"_links":{"self":[{"href":"https:\/\/www.sincomam.org.br\/index.php\/wp-json\/wp\/v2\/posts\/22678","targetHints":{"allow":["GET"]}}],"collection":[{"href":"https:\/\/www.sincomam.org.br\/index.php\/wp-json\/wp\/v2\/posts"}],"about":[{"href":"https:\/\/www.sincomam.org.br\/index.php\/wp-json\/wp\/v2\/types\/post"}],"author":[{"embeddable":true,"href":"https:\/\/www.sincomam.org.br\/index.php\/wp-json\/wp\/v2\/users\/1182"}],"replies":[{"embeddable":true,"href":"https:\/\/www.sincomam.org.br\/index.php\/wp-json\/wp\/v2\/comments?post=22678"}],"version-history":[{"count":1,"href":"https:\/\/www.sincomam.org.br\/index.php\/wp-json\/wp\/v2\/posts\/22678\/revisions"}],"predecessor-version":[{"id":22679,"href":"https:\/\/www.sincomam.org.br\/index.php\/wp-json\/wp\/v2\/posts\/22678\/revisions\/22679"}],"wp:featuredmedia":[{"embeddable":true,"href":"https:\/\/www.sincomam.org.br\/index.php\/wp-json\/wp\/v2\/media\/22095"}],"wp:attachment":[{"href":"https:\/\/www.sincomam.org.br\/index.php\/wp-json\/wp\/v2\/media?parent=22678"}],"wp:term":[{"taxonomy":"category","embeddable":true,"href":"https:\/\/www.sincomam.org.br\/index.php\/wp-json\/wp\/v2\/categories?post=22678"},{"taxonomy":"post_tag","embeddable":true,"href":"https:\/\/www.sincomam.org.br\/index.php\/wp-json\/wp\/v2\/tags?post=22678"}],"curies":[{"name":"wp","href":"https:\/\/api.w.org\/{rel}","templated":true}]}}