{"id":22670,"date":"2017-02-20T07:58:12","date_gmt":"2017-02-20T10:58:12","guid":{"rendered":"http:\/\/www.sincomam.org.br\/?p=22670"},"modified":"2017-02-20T07:58:12","modified_gmt":"2017-02-20T10:58:12","slug":"possibilidade-de-movimentar-soja-no-porto-divide-opinioes-em-itajai","status":"publish","type":"post","link":"https:\/\/www.sincomam.org.br\/index.php\/possibilidade-de-movimentar-soja-no-porto-divide-opinioes-em-itajai\/","title":{"rendered":"Possibilidade de movimentar soja no porto divide opini\u00f5es em Itaja\u00ed"},"content":{"rendered":"<p>O prefeito de Itaja\u00ed, Volnei Morastoni (PMDB), nunca escondeu que pretende abrir os ber\u00e7os 3 e 4 \u00e0 opera\u00e7\u00e3o de carga geral, n\u00e3o conteinerizada. Entretanto, a poss\u00edvel vinda da soja, j\u00e1 ensaiada no governo anterior, divide opini\u00f5es.\u00c9 fato que o Porto de Itaja\u00ed precisa incrementar a movimenta\u00e7\u00e3o ap\u00f3s ter perdido metade das linhas, em 2015. Mas h\u00e1 preocupa\u00e7\u00e3o sobre os impactos desse tipo de opera\u00e7\u00e3o.<\/p>\n<p>Primeiro, pelo valor agregado. Commodities rendem menos ao porto do que cont\u00eaineres. Al\u00e9m de os gr\u00e3os ocuparem um espa\u00e7o valioso, podem inviabilizar o transporte de outras cargas _ como ve\u00edculos, por exemplo.<\/p>\n<p>Prefeito de Itaja\u00ed recebeu empres\u00e1rios de gigante da soja no porto<\/p>\n<p>H\u00e1 ainda a quest\u00e3o do tr\u00e2nsito. Em \u00e9poca de safra, o volume de caminh\u00f5es carregados de soja nas ruas de Itaja\u00ed tende a atrasar o fluxo dos cont\u00eaineres.<\/p>\n<p>_ A m\u00e9dio prazo, entendo que n\u00e3o \u00e9 uma opera\u00e7\u00e3o interessante para Itaja\u00ed. Podemos perder nossa principal carga, que \u00e9 o cont\u00eainer. E isso seria uma trag\u00e9dia _ diz o vereador Robison Coelho (PSDB), que \u00e9 portu\u00e1rio.<\/p>\n<p>Audi\u00eancia p\u00fablica<\/p>\n<p>Outra preocupa\u00e7\u00e3o em rela\u00e7\u00e3o \u00e0 soja diz respeito \u00e0 sujeira que ela deixa pelo caminho _ e se \u00e9 poss\u00edvel evit\u00e1-la. No Porto de Paranagu\u00e1 (PR) a prefeitura teve que instituir multa para caminh\u00f5es que sujam a cidade. Mas as reclama\u00e7\u00f5es continuam, especialmente em rela\u00e7\u00e3o ao cheiro. O que seria um problema em Itaja\u00ed, que tem o porto t\u00e3o pr\u00f3ximo de \u00e1rea residencial.<\/p>\n<p>Uma maneira de democratizar a decis\u00e3o sobre a opera\u00e7\u00e3o de soja no Porto de Itaja\u00ed \u00e9 atrav\u00e9s de uma audi\u00eancia p\u00fablica, com apresenta\u00e7\u00e3o de pr\u00f3s e contras. Uma decis\u00e3o conjunta seria bem mais sensata.<\/p>\n<p>Fonte: Clicrbs<\/p>\n","protected":false},"excerpt":{"rendered":"<p>O prefeito de Itaja\u00ed, Volnei Morastoni (PMDB), nunca escondeu que pretende abrir os ber\u00e7os 3 e 4 \u00e0 opera\u00e7\u00e3o de carga geral, n\u00e3o conteinerizada. Entretanto,&#8230;<\/p>\n","protected":false},"author":1182,"featured_media":19106,"comment_status":"closed","ping_status":"closed","sticky":false,"template":"","format":"standard","meta":{"footnotes":""},"categories":[6],"tags":[],"class_list":["post-22670","post","type-post","status-publish","format-standard","has-post-thumbnail","hentry","category-noticias"],"_links":{"self":[{"href":"https:\/\/www.sincomam.org.br\/index.php\/wp-json\/wp\/v2\/posts\/22670","targetHints":{"allow":["GET"]}}],"collection":[{"href":"https:\/\/www.sincomam.org.br\/index.php\/wp-json\/wp\/v2\/posts"}],"about":[{"href":"https:\/\/www.sincomam.org.br\/index.php\/wp-json\/wp\/v2\/types\/post"}],"author":[{"embeddable":true,"href":"https:\/\/www.sincomam.org.br\/index.php\/wp-json\/wp\/v2\/users\/1182"}],"replies":[{"embeddable":true,"href":"https:\/\/www.sincomam.org.br\/index.php\/wp-json\/wp\/v2\/comments?post=22670"}],"version-history":[{"count":1,"href":"https:\/\/www.sincomam.org.br\/index.php\/wp-json\/wp\/v2\/posts\/22670\/revisions"}],"predecessor-version":[{"id":22671,"href":"https:\/\/www.sincomam.org.br\/index.php\/wp-json\/wp\/v2\/posts\/22670\/revisions\/22671"}],"wp:featuredmedia":[{"embeddable":true,"href":"https:\/\/www.sincomam.org.br\/index.php\/wp-json\/wp\/v2\/media\/19106"}],"wp:attachment":[{"href":"https:\/\/www.sincomam.org.br\/index.php\/wp-json\/wp\/v2\/media?parent=22670"}],"wp:term":[{"taxonomy":"category","embeddable":true,"href":"https:\/\/www.sincomam.org.br\/index.php\/wp-json\/wp\/v2\/categories?post=22670"},{"taxonomy":"post_tag","embeddable":true,"href":"https:\/\/www.sincomam.org.br\/index.php\/wp-json\/wp\/v2\/tags?post=22670"}],"curies":[{"name":"wp","href":"https:\/\/api.w.org\/{rel}","templated":true}]}}