{"id":22668,"date":"2017-02-20T07:57:15","date_gmt":"2017-02-20T10:57:15","guid":{"rendered":"http:\/\/www.sincomam.org.br\/?p=22668"},"modified":"2017-02-20T07:57:15","modified_gmt":"2017-02-20T10:57:15","slug":"porto-de-cabedelo-embarca-para-europa-13-mil-toneladas-do-minerio-ilmenita","status":"publish","type":"post","link":"https:\/\/www.sincomam.org.br\/index.php\/porto-de-cabedelo-embarca-para-europa-13-mil-toneladas-do-minerio-ilmenita\/","title":{"rendered":"Porto de Cabedelo embarca para Europa 13 mil toneladas do min\u00e9rio ilmenita"},"content":{"rendered":"<p>O Porto de Cabedelo conclui uma importante opera\u00e7\u00e3o nos pr\u00f3ximos dias. Vai embarcar para a Holanda e para a Fran\u00e7a, ilmenita, min\u00e9rio extra\u00eddo na Para\u00edba.<\/p>\n<p>O Navio African Joseph R, de bandeira grega, atracou na ter\u00e7a-feira (17) para levar para a Holanda e a Fran\u00e7a, 13 mil toneladas de ilmenita extra\u00edda no munic\u00edpio de Mataraca, Litoral Norte paraibano. O navio vai entregar parte da carga em Rotterdam, na Holanda, e tem destino final no Porto de Thann, na Fran\u00e7a.<\/p>\n<p>Ilmenita (FeTi02) \u00e9 o mineral de tit\u00e2nio de ocorr\u00eancia mais comum e abundante. \u00c9 utilizado como pigmento nas ind\u00fastrias de tinta, papel, pl\u00e1stico, borracha, fibras, vernizes, pr\u00f3teses \u00f3sseas, implantes dent\u00e1rios, instrumentos cir\u00fargicos, entre outros.<\/p>\n<p>O min\u00e9rio apresenta-se na cor preta do ferro. Cerca de 88% da produ\u00e7\u00e3o mundial de tit\u00e2nio \u00e9 obtida da ilmenita. No Brasil os principais munic\u00edpios produtores s\u00e3o: Mataraca (PB); S\u00e3o Francisco de Itabapoana (RJ) e Santa B\u00e1rbara de Goi\u00e1s (GO). Em 2016, ocorreram alguns embarques do min\u00e9rio ilmenita para a Europa. Dezenas de trabalhadores portu\u00e1rios participam da opera\u00e7\u00e3o de embarque das 13 mil toneladas de ilmenita.<\/p>\n<p>Fonte: Para\u00edba Total<\/p>\n","protected":false},"excerpt":{"rendered":"<p>O Porto de Cabedelo conclui uma importante opera\u00e7\u00e3o nos pr\u00f3ximos dias. Vai embarcar para a Holanda e para a Fran\u00e7a, ilmenita, min\u00e9rio extra\u00eddo na Para\u00edba&#8230;.<\/p>\n","protected":false},"author":1182,"featured_media":18586,"comment_status":"closed","ping_status":"closed","sticky":false,"template":"","format":"standard","meta":{"footnotes":""},"categories":[6],"tags":[],"class_list":["post-22668","post","type-post","status-publish","format-standard","has-post-thumbnail","hentry","category-noticias"],"_links":{"self":[{"href":"https:\/\/www.sincomam.org.br\/index.php\/wp-json\/wp\/v2\/posts\/22668","targetHints":{"allow":["GET"]}}],"collection":[{"href":"https:\/\/www.sincomam.org.br\/index.php\/wp-json\/wp\/v2\/posts"}],"about":[{"href":"https:\/\/www.sincomam.org.br\/index.php\/wp-json\/wp\/v2\/types\/post"}],"author":[{"embeddable":true,"href":"https:\/\/www.sincomam.org.br\/index.php\/wp-json\/wp\/v2\/users\/1182"}],"replies":[{"embeddable":true,"href":"https:\/\/www.sincomam.org.br\/index.php\/wp-json\/wp\/v2\/comments?post=22668"}],"version-history":[{"count":1,"href":"https:\/\/www.sincomam.org.br\/index.php\/wp-json\/wp\/v2\/posts\/22668\/revisions"}],"predecessor-version":[{"id":22669,"href":"https:\/\/www.sincomam.org.br\/index.php\/wp-json\/wp\/v2\/posts\/22668\/revisions\/22669"}],"wp:featuredmedia":[{"embeddable":true,"href":"https:\/\/www.sincomam.org.br\/index.php\/wp-json\/wp\/v2\/media\/18586"}],"wp:attachment":[{"href":"https:\/\/www.sincomam.org.br\/index.php\/wp-json\/wp\/v2\/media?parent=22668"}],"wp:term":[{"taxonomy":"category","embeddable":true,"href":"https:\/\/www.sincomam.org.br\/index.php\/wp-json\/wp\/v2\/categories?post=22668"},{"taxonomy":"post_tag","embeddable":true,"href":"https:\/\/www.sincomam.org.br\/index.php\/wp-json\/wp\/v2\/tags?post=22668"}],"curies":[{"name":"wp","href":"https:\/\/api.w.org\/{rel}","templated":true}]}}