{"id":22627,"date":"2017-02-15T00:30:53","date_gmt":"2017-02-15T02:30:53","guid":{"rendered":"http:\/\/www.sincomam.org.br\/?p=22627"},"modified":"2017-02-14T17:04:22","modified_gmt":"2017-02-14T19:04:22","slug":"confira-o-calendario-para-saque-das-contas-inativas-do-fgts","status":"publish","type":"post","link":"https:\/\/www.sincomam.org.br\/index.php\/confira-o-calendario-para-saque-das-contas-inativas-do-fgts\/","title":{"rendered":"Confira o calend\u00e1rio para saque das contas inativas do FGTS"},"content":{"rendered":"<p>Os saques das contas inativas do FGTS come\u00e7am no dia 10 de mar\u00e7o e v\u00e3o at\u00e9 o dia 31 de julho. O cronograma de libera\u00e7\u00e3o depende da data de nascimento do trabalhador. Assim, quem nasceu nos meses de janeiro e fevereiro, pode sacar os recursos a partir de 10 de mar\u00e7o, por exemplo. As datas do calend\u00e1rio correspondem ao primeiro dia permitido para o saque. O dinheiro, por\u00e9m, estar\u00e1 dispon\u00edvel para todos os trabalhadores eleg\u00edveis at\u00e9 31 de julho deste ano.<\/p>\n<p><strong>Confira o calend\u00e1rio para saque:<\/strong><\/p>\n<p>A PARTIR DE 10 DE MAR\u00c7O &#8211; trabalhadores nascidos em janeiro e fevereiro<\/p>\n<p>A PARTIR DE 10 DE ABRIL &#8211; trabalhadores nascidos em mar\u00e7o, abril e maio<\/p>\n<p>A PARTIR DE 12 DE MAIO &#8211; trabalhadores nascidos em junho, julho e agosto<\/p>\n<p>A PARTIR DE 16 DE JUNHO &#8211; trabalhadores nascidos em setembro, outubro e novembro<\/p>\n<p>A PARTIR DE 14 DE JULHO &#8211; trabalhadores nascidos em dezembro<\/p>\n<p>&nbsp;<\/p>\n<p>Segundo a Caixa, a medida engloba 49,6 milh\u00f5es de contas &#8211; com saldo de R$ 43,6 bilh\u00f5es -, o que vai beneficiar 30,2 milh\u00f5es de trabalhadores. A previs\u00e3o \u00e9 que a medida injete mais de R$ 30 bilh\u00f5es na economia brasileira.<\/p>\n<p>H\u00e1 um site exclusivo da Caixa\u00a0para facilitar o atendimento ao trabalhador. Segundo a Caixa, \u00e9 poss\u00edvel visualizar as contas inativas, o valor que tem a receber, a data do saque e os canais dispon\u00edveis para realiza\u00e7\u00e3o do pagamento.<\/p>\n<p>Fonte: G1<\/p>\n","protected":false},"excerpt":{"rendered":"<p>Os saques das contas inativas do FGTS come\u00e7am no dia 10 de mar\u00e7o e v\u00e3o at\u00e9 o dia 31 de julho. O cronograma de libera\u00e7\u00e3o&#8230;<\/p>\n","protected":false},"author":1182,"featured_media":17783,"comment_status":"closed","ping_status":"closed","sticky":false,"template":"","format":"standard","meta":{"footnotes":""},"categories":[6],"tags":[],"class_list":["post-22627","post","type-post","status-publish","format-standard","has-post-thumbnail","hentry","category-noticias"],"_links":{"self":[{"href":"https:\/\/www.sincomam.org.br\/index.php\/wp-json\/wp\/v2\/posts\/22627","targetHints":{"allow":["GET"]}}],"collection":[{"href":"https:\/\/www.sincomam.org.br\/index.php\/wp-json\/wp\/v2\/posts"}],"about":[{"href":"https:\/\/www.sincomam.org.br\/index.php\/wp-json\/wp\/v2\/types\/post"}],"author":[{"embeddable":true,"href":"https:\/\/www.sincomam.org.br\/index.php\/wp-json\/wp\/v2\/users\/1182"}],"replies":[{"embeddable":true,"href":"https:\/\/www.sincomam.org.br\/index.php\/wp-json\/wp\/v2\/comments?post=22627"}],"version-history":[{"count":1,"href":"https:\/\/www.sincomam.org.br\/index.php\/wp-json\/wp\/v2\/posts\/22627\/revisions"}],"predecessor-version":[{"id":22628,"href":"https:\/\/www.sincomam.org.br\/index.php\/wp-json\/wp\/v2\/posts\/22627\/revisions\/22628"}],"wp:featuredmedia":[{"embeddable":true,"href":"https:\/\/www.sincomam.org.br\/index.php\/wp-json\/wp\/v2\/media\/17783"}],"wp:attachment":[{"href":"https:\/\/www.sincomam.org.br\/index.php\/wp-json\/wp\/v2\/media?parent=22627"}],"wp:term":[{"taxonomy":"category","embeddable":true,"href":"https:\/\/www.sincomam.org.br\/index.php\/wp-json\/wp\/v2\/categories?post=22627"},{"taxonomy":"post_tag","embeddable":true,"href":"https:\/\/www.sincomam.org.br\/index.php\/wp-json\/wp\/v2\/tags?post=22627"}],"curies":[{"name":"wp","href":"https:\/\/api.w.org\/{rel}","templated":true}]}}