{"id":22621,"date":"2017-02-14T02:00:16","date_gmt":"2017-02-14T04:00:16","guid":{"rendered":"http:\/\/www.sincomam.org.br\/?p=22621"},"modified":"2017-02-13T21:54:58","modified_gmt":"2017-02-13T23:54:58","slug":"antaq-divulga-na-quarta-feira-os-numeros-do-desempenho-aquaviario-2016","status":"publish","type":"post","link":"https:\/\/www.sincomam.org.br\/index.php\/antaq-divulga-na-quarta-feira-os-numeros-do-desempenho-aquaviario-2016\/","title":{"rendered":"Antaq divulga na quarta-feira os n\u00fameros do Desempenho Aquavi\u00e1rio 2016"},"content":{"rendered":"<p>A Ag\u00eancia Nacional de Transportes Aquavi\u00e1rios &#8211; ANTAQ, em parceria com a Federa\u00e7\u00e3o das Ind\u00fastrias do Estado de S\u00e3o Paulo (Fiesp) e o Centro das Ind\u00fastrias do Estado de S\u00e3o Paulo (Ciesp), divulgar\u00e1 no pr\u00f3ximo dia 15 o Desempenho Aquavi\u00e1rio 2016.<\/p>\n<p>O evento ser\u00e1 realizado na sede da Fiesp (Audit\u00f3rio do 15\u00ba andar &#8211; Avenida Paulista, 1.313 \u2013 S\u00e3o Paulo &#8211; SP). O ministro dos Transportes, Portos e Avia\u00e7\u00e3o Civil, Maur\u00edcio Quintella Lessa, e o presidente da Federa\u00e7\u00e3o e do Centro das Ind\u00fastrias de S\u00e3o Paulo, Paulo Skaf, participam da abertura.<\/p>\n<p>Pela manh\u00e3, ser\u00e3o apresentadas as estat\u00edsticas da ANTAQ sobre os portos organizados, terminais de uso privado, instala\u00e7\u00f5es portu\u00e1rias, tipos de navega\u00e7\u00e3o, frota, perfis e volumes de cargas movimentadas no pa\u00eds. Ap\u00f3s a divulga\u00e7\u00e3o das informa\u00e7\u00f5es, os diretores da Ag\u00eancia, Adalberto Tokarski (diretor-geral), Fernando Fonseca e M\u00e1rio Povia comentar\u00e3o as estat\u00edsticas e conceder\u00e3o uma entrevista coletiva \u00e0 imprensa.<\/p>\n<p>\u201cA Antaq \u00e9 refer\u00eancia na produ\u00e7\u00e3o e divulga\u00e7\u00e3o de dados estat\u00edsticos sobre o setor aquavi\u00e1rio nacional. Neste contexto, o Estat\u00edstico Aquavi\u00e1rio disponibiliza dados que permitem uma vis\u00e3o detalhada sobre movimenta\u00e7\u00e3o e transporte de cargas com origem e\/ou destino em nosso pa\u00eds, auxiliando na tomada de decis\u00e3o de investimentos e na formula\u00e7\u00e3o de pol\u00edticas p\u00fablicas para o setor\u201d, aponta o diretor-geral da Ag\u00eancia, Adalberto Tokarski.<\/p>\n<p>O evento prossegue \u00e0 tarde com a apresenta\u00e7\u00e3o de outros dados pelas autoridades portu\u00e1rias de Santos (SP), Paranagu\u00e1 (PR), Itaqui (MA), Pec\u00e9m (CE) e Rio de Janeiro (RJ), que far\u00e3o uma abordagem sobre os aspectos positivos e negativos, as a\u00e7\u00f5es para melhoria e as oportunidades de investimento. Na sequ\u00eancia, um painel com a participa\u00e7\u00e3o dos usu\u00e1rios dos portos organizados encerrar\u00e1 o evento.<\/p>\n<p>Fonte: Antaq<\/p>\n","protected":false},"excerpt":{"rendered":"<p>A Ag\u00eancia Nacional de Transportes Aquavi\u00e1rios &#8211; ANTAQ, em parceria com a Federa\u00e7\u00e3o das Ind\u00fastrias do Estado de S\u00e3o Paulo (Fiesp) e o Centro das&#8230;<\/p>\n","protected":false},"author":1182,"featured_media":19265,"comment_status":"closed","ping_status":"closed","sticky":false,"template":"","format":"standard","meta":{"footnotes":""},"categories":[6],"tags":[],"class_list":["post-22621","post","type-post","status-publish","format-standard","has-post-thumbnail","hentry","category-noticias"],"_links":{"self":[{"href":"https:\/\/www.sincomam.org.br\/index.php\/wp-json\/wp\/v2\/posts\/22621","targetHints":{"allow":["GET"]}}],"collection":[{"href":"https:\/\/www.sincomam.org.br\/index.php\/wp-json\/wp\/v2\/posts"}],"about":[{"href":"https:\/\/www.sincomam.org.br\/index.php\/wp-json\/wp\/v2\/types\/post"}],"author":[{"embeddable":true,"href":"https:\/\/www.sincomam.org.br\/index.php\/wp-json\/wp\/v2\/users\/1182"}],"replies":[{"embeddable":true,"href":"https:\/\/www.sincomam.org.br\/index.php\/wp-json\/wp\/v2\/comments?post=22621"}],"version-history":[{"count":1,"href":"https:\/\/www.sincomam.org.br\/index.php\/wp-json\/wp\/v2\/posts\/22621\/revisions"}],"predecessor-version":[{"id":22622,"href":"https:\/\/www.sincomam.org.br\/index.php\/wp-json\/wp\/v2\/posts\/22621\/revisions\/22622"}],"wp:featuredmedia":[{"embeddable":true,"href":"https:\/\/www.sincomam.org.br\/index.php\/wp-json\/wp\/v2\/media\/19265"}],"wp:attachment":[{"href":"https:\/\/www.sincomam.org.br\/index.php\/wp-json\/wp\/v2\/media?parent=22621"}],"wp:term":[{"taxonomy":"category","embeddable":true,"href":"https:\/\/www.sincomam.org.br\/index.php\/wp-json\/wp\/v2\/categories?post=22621"},{"taxonomy":"post_tag","embeddable":true,"href":"https:\/\/www.sincomam.org.br\/index.php\/wp-json\/wp\/v2\/tags?post=22621"}],"curies":[{"name":"wp","href":"https:\/\/api.w.org\/{rel}","templated":true}]}}