{"id":22617,"date":"2017-02-14T00:05:54","date_gmt":"2017-02-14T02:05:54","guid":{"rendered":"http:\/\/www.sincomam.org.br\/?p=22617"},"modified":"2017-02-13T21:51:10","modified_gmt":"2017-02-13T23:51:10","slug":"prejuizo-do-comercio-no-es-pode-ultrapassar-r-300-milhoes","status":"publish","type":"post","link":"https:\/\/www.sincomam.org.br\/index.php\/prejuizo-do-comercio-no-es-pode-ultrapassar-r-300-milhoes\/","title":{"rendered":"Preju\u00edzo do com\u00e9rcio no ES pode ultrapassar R$ 300 milh\u00f5es"},"content":{"rendered":"<p>A crise na seguran\u00e7a p\u00fablica no Esp\u00edrito Santo\u00a0trouxe preju\u00edzos que podem passar dos R$ 300 milh\u00f5es aos lojistas nesses dias de portas fechadas. A estimativa \u00e9 da Federa\u00e7\u00e3o do Com\u00e9rcio e Bens, Servi\u00e7os e Turismo do Esp\u00edrito Santo (Fecom\u00e9rcio-ES).<\/p>\n<p>O valor n\u00e3o inclui as depreda\u00e7\u00f5es e os assaltos: pelo menos 300 lojas foram saqueadas e depredadas e o preju\u00edzo calculado nesses casos gira em torno de R$ 30 milh\u00f5es.<\/p>\n<div class=\"teads-inread\">\n<div class=\"teads-ui-components-credits\"><\/div>\n<\/div>\n<p>S\u00f3 na capital capixaba, 200 lojas sofreram ataques desde o \u00faltimo dia 4. As lojas mais visadas s\u00e3o as que vendem eletrodom\u00e9sticos, joias e roupas.<\/p>\n<p>Com a paralisa\u00e7\u00e3o da Pol\u00edcia Militar e o clima de inseguran\u00e7a nas ruas, estima-se preju\u00edzo no com\u00e9rcio do estado em torno de R$ 45 milh\u00f5es por dia com as lojas fechadas.<\/p>\n<p>O levantamento, realizado pela Fecom\u00e9rcio, considera o PIB do com\u00e9rcio do Esp\u00edrito Santo di\u00e1rio como o valor m\u00e1ximo que poderia ser perdido em um dia parado e a quantidade de dias \u00fateis perdidos.<\/p>\n<p>Al\u00e9m do com\u00e9rcio, outros setores tiveram perdas, como servi\u00e7os e turismo. Segundo a Fecom\u00e9rcio, no caso do turismo, houve cancelamento de reservas de hot\u00e9is e de eventos importantes, como o da 43\u00aa Feira Internacional do M\u00e1rmore e Granito que tinha expectativa de receber 25 mil visitantes.<\/p>\n<h3>Fundo de ajuda<\/h3>\n<p>A Fecom\u00e9rcio-ES ir\u00e1 disponibilizar um fundo de R$ 1 milh\u00e3o aos micro e pequenos empres\u00e1rios, que necessitarem fazer reparos emergenciais nos estabelecimentos que sofreram depreda\u00e7\u00e3o durante a paralisa\u00e7\u00e3o da Pol\u00edcia Militar, sejam eles filiados ou n\u00e3o aos sindicatos.<\/p>\n<p>\u201cEstamos conversando hoje com nosso departamento jur\u00eddico para saber como vamos proceder. Os casos ser\u00e3o analisados individualmente e n\u00e3o ser\u00e3o cobrados juros e corre\u00e7\u00f5es no pagamento do cr\u00e9dito.<\/p>\n<p>Os empres\u00e1rios ter\u00e3o at\u00e9 90 dias para quitar o empr\u00e9stimo. A princ\u00edpio, estamos fazendo contatos com o Banco do Brasil e Caixa Econ\u00f4mica Federal para alinhavar procedimentos para esses adiantamentos\u201d, disse o presidente da institui\u00e7\u00e3o, Jos\u00e9 Lino Sepulcri.<\/p>\n<h3>Com\u00e9rcio popular<\/h3>\n<p>No principal centro de com\u00e9rcio popular do munic\u00edpio da Serra, na regi\u00e3o metropolitana de Vit\u00f3ria, as lojas reabriram as portas desde s\u00e1bado (11) em hor\u00e1rio reduzido.<\/p>\n<p>Com o retorno do transporte p\u00fablico, o movimento voltou a ser intenso nesta segunda-feira (13) na regi\u00e3o.<\/p>\n<p>Gerente de uma loja de roupas femininas e infantis na Avenida Central, no bairro de Laranjeiras, Lindobergue Chaves de Queir\u00f3z, de 25 anos, conta que o estabelecimento n\u00e3o abriu nenhum dia na semana passada por causa da inseguran\u00e7a com a falta de policiamento.<\/p>\n<p>\u201cHoje estamos nos sentindo mais seguros. J\u00e1 estamos vendo policiamento na rua e o Ex\u00e9rcito est\u00e1 a\u00ed tamb\u00e9m\u201d, disse. \u201cO preju\u00edzo foi grande porque pegou a melhor \u00e9poca para o com\u00e9rcio que \u00e9 in\u00edcio de m\u00eas\u201d.<\/p>\n<h3>Retomada da rotina<\/h3>\n<p>A rotina retornou em grande medida \u00e0 normalidade nesta segunda-feira na regi\u00e3o metropolitana da capital capixaba ap\u00f3s dez dias de paralisa\u00e7\u00e3o dos policiais militares no estado.<\/p>\n<p>Os \u00f4nibus est\u00e3o circulando normalmente, h\u00e1 engarrafamento em v\u00e1rios pontos da Grande Vit\u00f3ria, e longas filas nas ag\u00eancias banc\u00e1rias e lot\u00e9ricas s\u00e3o registradas.<\/p>\n<p>O governo do Esp\u00edrito Santo informou que o expediente nas reparti\u00e7\u00f5es p\u00fablicas estaduais ser\u00e1 normal nesta segunda-feira.<\/p>\n<p>As aulas nas escolas da rede estadual ser\u00e3o reiniciadas hoje e os atendimentos de urg\u00eancia e emerg\u00eancia nos hospitais estaduais est\u00e3o mantidos.<\/p>\n<p>A prefeitura de Vit\u00f3ria tamb\u00e9m informou que retoma hoje o expediente dos servidores municipais. Da mesma forma, as unidades de sa\u00fade voltam a funcionar normalmente.<\/p>\n<p>Nas 102 escolas da rede municipal, o expediente interno retorna nesta segunda, e o in\u00edcio do ano letivo ocorrer\u00e1 nesta ter\u00e7a-feira (13).<\/p>\n<h3>Policiamento<\/h3>\n<p>A Secretaria de Seguran\u00e7a P\u00fablica do Esp\u00edrito Santo informou h\u00e1 pouco que 1.192 policiais militares se apresentaram para trabalhar nesta manh\u00e3.<\/p>\n<p>A corpora\u00e7\u00e3o conta com dez mil homens, mas, em dias normais, o policiamento \u00e9 feito por um efetivo de dois mil PMs.<\/p>\n<p>O movimento das mulheres em frente aos batalh\u00f5es continua pelo d\u00e9cimo dia. Elas impedem a sa\u00edda de viaturas e policiais em protesto por melhores sal\u00e1rios e condi\u00e7\u00f5es de trabalho para os PMs.<\/p>\n<p>Fonte: Exame<\/p>\n","protected":false},"excerpt":{"rendered":"<p>A crise na seguran\u00e7a p\u00fablica no Esp\u00edrito Santo\u00a0trouxe preju\u00edzos que podem passar dos R$ 300 milh\u00f5es aos lojistas nesses dias de portas fechadas. A estimativa&#8230;<\/p>\n","protected":false},"author":1182,"featured_media":18495,"comment_status":"closed","ping_status":"closed","sticky":false,"template":"","format":"standard","meta":{"footnotes":""},"categories":[6],"tags":[],"class_list":["post-22617","post","type-post","status-publish","format-standard","has-post-thumbnail","hentry","category-noticias"],"_links":{"self":[{"href":"https:\/\/www.sincomam.org.br\/index.php\/wp-json\/wp\/v2\/posts\/22617","targetHints":{"allow":["GET"]}}],"collection":[{"href":"https:\/\/www.sincomam.org.br\/index.php\/wp-json\/wp\/v2\/posts"}],"about":[{"href":"https:\/\/www.sincomam.org.br\/index.php\/wp-json\/wp\/v2\/types\/post"}],"author":[{"embeddable":true,"href":"https:\/\/www.sincomam.org.br\/index.php\/wp-json\/wp\/v2\/users\/1182"}],"replies":[{"embeddable":true,"href":"https:\/\/www.sincomam.org.br\/index.php\/wp-json\/wp\/v2\/comments?post=22617"}],"version-history":[{"count":1,"href":"https:\/\/www.sincomam.org.br\/index.php\/wp-json\/wp\/v2\/posts\/22617\/revisions"}],"predecessor-version":[{"id":22618,"href":"https:\/\/www.sincomam.org.br\/index.php\/wp-json\/wp\/v2\/posts\/22617\/revisions\/22618"}],"wp:featuredmedia":[{"embeddable":true,"href":"https:\/\/www.sincomam.org.br\/index.php\/wp-json\/wp\/v2\/media\/18495"}],"wp:attachment":[{"href":"https:\/\/www.sincomam.org.br\/index.php\/wp-json\/wp\/v2\/media?parent=22617"}],"wp:term":[{"taxonomy":"category","embeddable":true,"href":"https:\/\/www.sincomam.org.br\/index.php\/wp-json\/wp\/v2\/categories?post=22617"},{"taxonomy":"post_tag","embeddable":true,"href":"https:\/\/www.sincomam.org.br\/index.php\/wp-json\/wp\/v2\/tags?post=22617"}],"curies":[{"name":"wp","href":"https:\/\/api.w.org\/{rel}","templated":true}]}}