{"id":22615,"date":"2017-02-17T00:30:17","date_gmt":"2017-02-17T02:30:17","guid":{"rendered":"http:\/\/www.sincomam.org.br\/?p=22615"},"modified":"2017-02-17T10:25:57","modified_gmt":"2017-02-17T12:25:57","slug":"vale-dispara-8-e-tem-maior-alta-dos-ultimos-meses","status":"publish","type":"post","link":"https:\/\/www.sincomam.org.br\/index.php\/vale-dispara-8-e-tem-maior-alta-dos-ultimos-meses\/","title":{"rendered":"Vale dispara 8% e tem maior alta dos \u00faltimos meses"},"content":{"rendered":"<p>As a\u00e7\u00f5es da Vale\u00a0lideravam os ganhos do Ibovespa na tarde desta segunda-feira (13). Os pap\u00e9is ordin\u00e1rios subiam 8,14% e eram comercializados por 35,47 centavos. \u00c9 a maior alta registrada nos \u00faltimos tr\u00eas meses.<\/p>\n<p>As a\u00e7\u00f5es preferenciais tamb\u00e9m registravam ganhos de 5,83% (R$ 33,05).<\/p>\n<div class=\"teads-inread\">\n<div>\n<div class=\"teads-ui-components-credits\"><\/div>\n<\/div>\n<\/div>\n<p>As a\u00e7\u00f5es s\u00e3o impactadas pela alta de quase 6% no pre\u00e7o do min\u00e9rio de ferro. A tonelada fechou em 92,23 d\u00f3lares.<\/p>\n<p>Outra not\u00edcia que pode ter animado o mercado \u00e9 a possibilidade de Murilo Ferreira\u00a0permanecer no cargo de presidente da mineradora por mais dois anos.<\/p>\n<p>Segundo o Valor Econ\u00f4mico, o mandato do executivo termina em maio, mas alguns acionistas \u201ctentam reconduzir Ferreira para um per\u00edodo de mais dois anos a frente da Vale.\u201d<\/p>\n<p>Fonte: Valor Econ\u00f4mico<\/p>\n","protected":false},"excerpt":{"rendered":"<p>As a\u00e7\u00f5es da Vale\u00a0lideravam os ganhos do Ibovespa na tarde desta segunda-feira (13). Os pap\u00e9is ordin\u00e1rios subiam 8,14% e eram comercializados por 35,47 centavos. \u00c9&#8230;<\/p>\n","protected":false},"author":1182,"featured_media":18013,"comment_status":"closed","ping_status":"closed","sticky":false,"template":"","format":"standard","meta":{"footnotes":""},"categories":[6],"tags":[],"class_list":["post-22615","post","type-post","status-publish","format-standard","has-post-thumbnail","hentry","category-noticias"],"_links":{"self":[{"href":"https:\/\/www.sincomam.org.br\/index.php\/wp-json\/wp\/v2\/posts\/22615","targetHints":{"allow":["GET"]}}],"collection":[{"href":"https:\/\/www.sincomam.org.br\/index.php\/wp-json\/wp\/v2\/posts"}],"about":[{"href":"https:\/\/www.sincomam.org.br\/index.php\/wp-json\/wp\/v2\/types\/post"}],"author":[{"embeddable":true,"href":"https:\/\/www.sincomam.org.br\/index.php\/wp-json\/wp\/v2\/users\/1182"}],"replies":[{"embeddable":true,"href":"https:\/\/www.sincomam.org.br\/index.php\/wp-json\/wp\/v2\/comments?post=22615"}],"version-history":[{"count":1,"href":"https:\/\/www.sincomam.org.br\/index.php\/wp-json\/wp\/v2\/posts\/22615\/revisions"}],"predecessor-version":[{"id":22616,"href":"https:\/\/www.sincomam.org.br\/index.php\/wp-json\/wp\/v2\/posts\/22615\/revisions\/22616"}],"wp:featuredmedia":[{"embeddable":true,"href":"https:\/\/www.sincomam.org.br\/index.php\/wp-json\/wp\/v2\/media\/18013"}],"wp:attachment":[{"href":"https:\/\/www.sincomam.org.br\/index.php\/wp-json\/wp\/v2\/media?parent=22615"}],"wp:term":[{"taxonomy":"category","embeddable":true,"href":"https:\/\/www.sincomam.org.br\/index.php\/wp-json\/wp\/v2\/categories?post=22615"},{"taxonomy":"post_tag","embeddable":true,"href":"https:\/\/www.sincomam.org.br\/index.php\/wp-json\/wp\/v2\/tags?post=22615"}],"curies":[{"name":"wp","href":"https:\/\/api.w.org\/{rel}","templated":true}]}}